{"id":10128,"date":"2018-02-05T10:39:02","date_gmt":"2018-02-05T09:39:02","guid":{"rendered":"http:\/\/www.mancomunidaddetentudia.com\/portal\/?p=10128"},"modified":"2018-02-06T14:02:13","modified_gmt":"2018-02-06T13:02:13","slug":"el-pasado-viernes-se-celebraron-unas-jornadas-tecnicas-de-turismo-en-segura-de-leon","status":"publish","type":"post","link":"https:\/\/www.mancomunidaddetentudia.com\/portal\/el-pasado-viernes-se-celebraron-unas-jornadas-tecnicas-de-turismo-en-segura-de-leon\/","title":{"rendered":"EL PASADO VIERNES SE CELEBRARON UNAS JORNADAS T\u00c9CNICAS DE TURISMO EN SEGURA DE LE\u00d3N"},"content":{"rendered":"<p>La Mancomunidad de Tentud\u00eda convoc\u00f3 el pasado viernes en Segura de Le\u00f3n a los t\u00e9cnicos de turismo, agentes culturales y dinamizadores del territorio, as\u00ed como a los representantes de CEDECO y la Escuela Profesional de Turismo, con el fin de celebrar unas Jornadas T\u00e9cnicas de Turismo.<\/p>\n<p>En esta reuni\u00f3n se dieron a conocer las actuaciones llevadas a cabo el pasado a\u00f1o en materia de turismo, as\u00ed como la programaci\u00f3n para el 2018, que tiene como ejes principales la celebraci\u00f3n de V Centenario del retablo cer\u00e1mico de la iglesia del Monasterio de Tentud\u00eda y la II Muestra Gastrostar.<\/p>\n<p>El objetivo de estas jornadas era la puesta en marcha y coordinaci\u00f3n de acciones para configurar una oferta tur\u00edstica en materia de naturaleza, turismo patrimonial, turismo deportivo y gastronom\u00eda, que sea atractiva para los visitantes y que se extienda a todas las estaciones del a\u00f1o.<\/p>\n<p>Las jornadas se cerraron con una visita guiada al castillo de Segura de Le\u00f3n. Esta fortaleza fue levantada por la Orden de Santiago tras la legendaria batalla de Tentud\u00eda. Cuenta la leyenda que la princesa berberisca contaba cada noche todas las estrellas para romper un encantamiento, pero noche tras noche se ve\u00eda incapaz de cumplir la tarea.<\/p>\n<p><a href=\"http:\/\/www.mancomunidaddetentudia.com\/portal\/wp-content\/uploads\/2018\/02\/IMG-20180205-WA0009.jpg\"><img loading=\"lazy\" decoding=\"async\" class=\"alignnone wp-image-10132 size-medium\" src=\"http:\/\/www.mancomunidaddetentudia.com\/portal\/wp-content\/uploads\/2018\/02\/IMG-20180205-WA0009-300x225.jpg\" alt=\"\" width=\"300\" height=\"225\" srcset=\"https:\/\/www.mancomunidaddetentudia.com\/portal\/wp-content\/uploads\/2018\/02\/IMG-20180205-WA0009-300x225.jpg 300w, https:\/\/www.mancomunidaddetentudia.com\/portal\/wp-content\/uploads\/2018\/02\/IMG-20180205-WA0009-768x576.jpg 768w, https:\/\/www.mancomunidaddetentudia.com\/portal\/wp-content\/uploads\/2018\/02\/IMG-20180205-WA0009-80x60.jpg 80w, https:\/\/www.mancomunidaddetentudia.com\/portal\/wp-content\/uploads\/2018\/02\/IMG-20180205-WA0009-265x198.jpg 265w, https:\/\/www.mancomunidaddetentudia.com\/portal\/wp-content\/uploads\/2018\/02\/IMG-20180205-WA0009-696x522.jpg 696w, https:\/\/www.mancomunidaddetentudia.com\/portal\/wp-content\/uploads\/2018\/02\/IMG-20180205-WA0009-560x420.jpg 560w, https:\/\/www.mancomunidaddetentudia.com\/portal\/wp-content\/uploads\/2018\/02\/IMG-20180205-WA0009.jpg 800w\" sizes=\"auto, (max-width: 300px) 100vw, 300px\" \/>\u00a0\u00a0<\/a>\u00a0\u00a0\u00a0\u00a0\u00a0 <a href=\"http:\/\/www.mancomunidaddetentudia.com\/portal\/wp-content\/uploads\/2018\/02\/IMG-20180205-WA0007.jpg\"><img loading=\"lazy\" decoding=\"async\" class=\"alignnone wp-image-10133 size-medium\" src=\"http:\/\/www.mancomunidaddetentudia.com\/portal\/wp-content\/uploads\/2018\/02\/IMG-20180205-WA0007-300x225.jpg\" alt=\"\" width=\"300\" height=\"225\" srcset=\"https:\/\/www.mancomunidaddetentudia.com\/portal\/wp-content\/uploads\/2018\/02\/IMG-20180205-WA0007-300x225.jpg 300w, https:\/\/www.mancomunidaddetentudia.com\/portal\/wp-content\/uploads\/2018\/02\/IMG-20180205-WA0007-768x576.jpg 768w, https:\/\/www.mancomunidaddetentudia.com\/portal\/wp-content\/uploads\/2018\/02\/IMG-20180205-WA0007-80x60.jpg 80w, https:\/\/www.mancomunidaddetentudia.com\/portal\/wp-content\/uploads\/2018\/02\/IMG-20180205-WA0007-265x198.jpg 265w, https:\/\/www.mancomunidaddetentudia.com\/portal\/wp-content\/uploads\/2018\/02\/IMG-20180205-WA0007-696x522.jpg 696w, https:\/\/www.mancomunidaddetentudia.com\/portal\/wp-content\/uploads\/2018\/02\/IMG-20180205-WA0007-560x420.jpg 560w, https:\/\/www.mancomunidaddetentudia.com\/portal\/wp-content\/uploads\/2018\/02\/IMG-20180205-WA0007.jpg 960w\" sizes=\"auto, (max-width: 300px) 100vw, 300px\" \/><\/a><\/p>\n","protected":false},"excerpt":{"rendered":"<p>La Mancomunidad de Tentud\u00eda convoc\u00f3 el pasado viernes en Segura de Le\u00f3n a los t\u00e9cnicos de turismo, agentes culturales y dinamizadores del territorio, as\u00ed como a los representantes de CEDECO y la Escuela Profesional de Turismo, con el fin de celebrar unas Jornadas T\u00e9cnicas de Turismo. En esta reuni\u00f3n se dieron a conocer las actuaciones [&hellip;]<\/p>\n","protected":false},"author":23,"featured_media":10129,"comment_status":"open","ping_status":"open","sticky":false,"template":"","format":"standard","meta":{"footnotes":""},"categories":[27,68,23],"tags":[],"class_list":{"0":"post-10128","1":"post","2":"type-post","3":"status-publish","4":"format-standard","5":"has-post-thumbnail","7":"category-actualidad","8":"category-mancomunidad","9":"category-notas-de-prensa"},"_links":{"self":[{"href":"https:\/\/www.mancomunidaddetentudia.com\/portal\/wp-json\/wp\/v2\/posts\/10128","targetHints":{"allow":["GET"]}}],"collection":[{"href":"https:\/\/www.mancomunidaddetentudia.com\/portal\/wp-json\/wp\/v2\/posts"}],"about":[{"href":"https:\/\/www.mancomunidaddetentudia.com\/portal\/wp-json\/wp\/v2\/types\/post"}],"author":[{"embeddable":true,"href":"https:\/\/www.mancomunidaddetentudia.com\/portal\/wp-json\/wp\/v2\/users\/23"}],"replies":[{"embeddable":true,"href":"https:\/\/www.mancomunidaddetentudia.com\/portal\/wp-json\/wp\/v2\/comments?post=10128"}],"version-history":[{"count":3,"href":"https:\/\/www.mancomunidaddetentudia.com\/portal\/wp-json\/wp\/v2\/posts\/10128\/revisions"}],"predecessor-version":[{"id":10135,"href":"https:\/\/www.mancomunidaddetentudia.com\/portal\/wp-json\/wp\/v2\/posts\/10128\/revisions\/10135"}],"wp:featuredmedia":[{"embeddable":true,"href":"https:\/\/www.mancomunidaddetentudia.com\/portal\/wp-json\/wp\/v2\/media\/10129"}],"wp:attachment":[{"href":"https:\/\/www.mancomunidaddetentudia.com\/portal\/wp-json\/wp\/v2\/media?parent=10128"}],"wp:term":[{"taxonomy":"category","embeddable":true,"href":"https:\/\/www.mancomunidaddetentudia.com\/portal\/wp-json\/wp\/v2\/categories?post=10128"},{"taxonomy":"post_tag","embeddable":true,"href":"https:\/\/www.mancomunidaddetentudia.com\/portal\/wp-json\/wp\/v2\/tags?post=10128"}],"curies":[{"name":"wp","href":"https:\/\/api.w.org\/{rel}","templated":true}]}}