{"id":10469,"date":"2018-04-20T11:37:54","date_gmt":"2018-04-20T10:37:54","guid":{"rendered":"http:\/\/www.mancomunidaddetentudia.com\/portal\/?p=10469"},"modified":"2018-04-20T11:37:54","modified_gmt":"2018-04-20T10:37:54","slug":"taller-un-viaje-por-el-maravilloso-mundo-de-los-cuentos-al-reves","status":"publish","type":"post","link":"https:\/\/www.mancomunidaddetentudia.com\/portal\/taller-un-viaje-por-el-maravilloso-mundo-de-los-cuentos-al-reves\/","title":{"rendered":"TALLER \u201cUN VIAJE POR EL MARAVILLOSO MUNDO DE LOS CUENTOS AL REV\u00c9S\u201d"},"content":{"rendered":"<p>Ayer, d\u00eda 19 de abril a las 19.00 horas, tuvo lugar el\u00a0 taller \u201cUn viaje por el maravilloso mundo de los cuentos al\u00a0 rev\u00e9s\u201d, organizado\u00a0 por la Asociaci\u00f3n de Madres y Padres de la Escuela Infantil de Monesterio.<\/p>\n<p>Coincidiendo la impartici\u00f3n de este taller con el mes en el que se celebra el <em>D\u00eda Internacional de Libro<\/em>, se ha realizado un taller coeducativo en el que todas las personas interesadas en educar en igualdad, han podido resolver sus dudas sobre la literatura infantil, m\u00e1s concretamente en los cuentos infantiles dirigidos a personas de edades comprendidas entre 0 y 6 a\u00f1os.<\/p>\n<p>Los cuentos transmiten valores \u00e9ticos, modelos de comportamientos y vida para nuestras ni\u00f1as y ni\u00f1os, siendo tambi\u00e9n un reflejo de la sociedad en la cual fueron escritos,\u00a0 por ello merece la pena revisar que herramientas pedag\u00f3gicas usamos con nuestras hijas e hijos.<\/p>\n<p>Con este taller se ha demostrado que existe una nueva generaci\u00f3n de literatura infantil no sexista o coeducativa, que se fundamenta en valores como la igualdad, tolerancia, respeto, autonom\u00eda, paz, etc&#8230; , la cual\u00a0 se mantiene al margen de aquellos valores sexistas\u00a0 que imperan en algunos cl\u00e1sicos infantiles, ya que estos nacieron como herramienta educativa en una sociedad patriarcal de otros siglos.<\/p>\n<p>Las personas que asistieron se llevaron herramientas coeducativas que les servir\u00e1n para:<\/p>\n<ul>\n<li>Educar para que ni\u00f1os y ni\u00f1as se sientan bien siendo lo que quieren ser.<\/li>\n<li>Ampliar las oportunidades educativas y formativas de todas las personas.<\/li>\n<li>Dar el mismo valor al hecho de ser hombre o mujer.<\/li>\n<\/ul>\n","protected":false},"excerpt":{"rendered":"<p>Ayer, d\u00eda 19 de abril a las 19.00 horas, tuvo lugar el\u00a0 taller \u201cUn viaje por el maravilloso mundo de los cuentos al\u00a0 rev\u00e9s\u201d, organizado\u00a0 por la Asociaci\u00f3n de Madres y Padres de la Escuela Infantil de Monesterio. Coincidiendo la impartici\u00f3n de este taller con el mes en el que se celebra el D\u00eda Internacional [&hellip;]<\/p>\n","protected":false},"author":23,"featured_media":10470,"comment_status":"open","ping_status":"open","sticky":false,"template":"","format":"standard","meta":{"footnotes":""},"categories":[27,23,43],"tags":[],"class_list":{"0":"post-10469","1":"post","2":"type-post","3":"status-publish","4":"format-standard","5":"has-post-thumbnail","7":"category-actualidad","8":"category-notas-de-prensa","9":"category-igualdad"},"_links":{"self":[{"href":"https:\/\/www.mancomunidaddetentudia.com\/portal\/wp-json\/wp\/v2\/posts\/10469","targetHints":{"allow":["GET"]}}],"collection":[{"href":"https:\/\/www.mancomunidaddetentudia.com\/portal\/wp-json\/wp\/v2\/posts"}],"about":[{"href":"https:\/\/www.mancomunidaddetentudia.com\/portal\/wp-json\/wp\/v2\/types\/post"}],"author":[{"embeddable":true,"href":"https:\/\/www.mancomunidaddetentudia.com\/portal\/wp-json\/wp\/v2\/users\/23"}],"replies":[{"embeddable":true,"href":"https:\/\/www.mancomunidaddetentudia.com\/portal\/wp-json\/wp\/v2\/comments?post=10469"}],"version-history":[{"count":1,"href":"https:\/\/www.mancomunidaddetentudia.com\/portal\/wp-json\/wp\/v2\/posts\/10469\/revisions"}],"predecessor-version":[{"id":10471,"href":"https:\/\/www.mancomunidaddetentudia.com\/portal\/wp-json\/wp\/v2\/posts\/10469\/revisions\/10471"}],"wp:featuredmedia":[{"embeddable":true,"href":"https:\/\/www.mancomunidaddetentudia.com\/portal\/wp-json\/wp\/v2\/media\/10470"}],"wp:attachment":[{"href":"https:\/\/www.mancomunidaddetentudia.com\/portal\/wp-json\/wp\/v2\/media?parent=10469"}],"wp:term":[{"taxonomy":"category","embeddable":true,"href":"https:\/\/www.mancomunidaddetentudia.com\/portal\/wp-json\/wp\/v2\/categories?post=10469"},{"taxonomy":"post_tag","embeddable":true,"href":"https:\/\/www.mancomunidaddetentudia.com\/portal\/wp-json\/wp\/v2\/tags?post=10469"}],"curies":[{"name":"wp","href":"https:\/\/api.w.org\/{rel}","templated":true}]}}