{"id":10492,"date":"2018-04-13T07:14:32","date_gmt":"2018-04-13T06:14:32","guid":{"rendered":"http:\/\/www.mancomunidaddetentudia.com\/portal\/?p=10492"},"modified":"2018-05-03T07:22:09","modified_gmt":"2018-05-03T06:22:09","slug":"el-centro-mancomunado-de-consumo-forma-a-los-alumnos-del-colegio-de-fuente-de-cantos-en-materia-de-internet-y-redes-sociales","status":"publish","type":"post","link":"https:\/\/www.mancomunidaddetentudia.com\/portal\/el-centro-mancomunado-de-consumo-forma-a-los-alumnos-del-colegio-de-fuente-de-cantos-en-materia-de-internet-y-redes-sociales\/","title":{"rendered":"EL CENTRO MANCOMUNADO DE CONSUMO FORMA A LOS ALUMNOS DEL COLEGIO DE FUENTE DE CANTOS EN MATERIA DE INTERNET Y REDES SOCIALES"},"content":{"rendered":"<p>El Centro Mancomunado de Consumo de Tentud\u00eda ha colaborado en la <em><strong>XLI Semana Cultural del Colegio San Francisco Javier<\/strong> <\/em>de Fuente de Cantos con unos talleres formativos sobre Internet y Redes Sociales.<\/p>\n<p>Las personas destinatarias de los mismos fueron las alumnas y alumnos de 3\u00ba y 4\u00ba ESO y 1\u00ba de Bachillerato, las cuales mostraron una gran aceptaci\u00f3n e inter\u00e9s por la tem\u00e1tica tratada, siendo part\u00edcipes del proceso formativo de manera activa.<\/p>\n<p style=\"text-align: center;\"><a href=\"http:\/\/www.mancomunidaddetentudia.com\/portal\/wp-content\/uploads\/2018\/05\/IMG-20180411-WA0024-1.jpg\"><img loading=\"lazy\" decoding=\"async\" class=\"alignnone wp-image-10495 size-medium\" src=\"http:\/\/www.mancomunidaddetentudia.com\/portal\/wp-content\/uploads\/2018\/05\/IMG-20180411-WA0024-1-300x169.jpg\" alt=\"\" width=\"300\" height=\"169\" srcset=\"https:\/\/www.mancomunidaddetentudia.com\/portal\/wp-content\/uploads\/2018\/05\/IMG-20180411-WA0024-1-300x169.jpg 300w, https:\/\/www.mancomunidaddetentudia.com\/portal\/wp-content\/uploads\/2018\/05\/IMG-20180411-WA0024-1-768x432.jpg 768w, https:\/\/www.mancomunidaddetentudia.com\/portal\/wp-content\/uploads\/2018\/05\/IMG-20180411-WA0024-1-1024x576.jpg 1024w, https:\/\/www.mancomunidaddetentudia.com\/portal\/wp-content\/uploads\/2018\/05\/IMG-20180411-WA0024-1-696x392.jpg 696w, https:\/\/www.mancomunidaddetentudia.com\/portal\/wp-content\/uploads\/2018\/05\/IMG-20180411-WA0024-1-1068x601.jpg 1068w, https:\/\/www.mancomunidaddetentudia.com\/portal\/wp-content\/uploads\/2018\/05\/IMG-20180411-WA0024-1-747x420.jpg 747w, https:\/\/www.mancomunidaddetentudia.com\/portal\/wp-content\/uploads\/2018\/05\/IMG-20180411-WA0024-1.jpg 1600w\" sizes=\"auto, (max-width: 300px) 100vw, 300px\" \/><\/a><\/p>\n<p>Se aport\u00f3 informaci\u00f3n sobre las herramientas de privacidad en las redes sociales, las medidas de precauci\u00f3n frente a robos de tel\u00e9fono o de datos personales, as\u00ed como informaci\u00f3n sobre Servicios de Tarificaci\u00f3n Adicional o tecnoadicciones entre otros.<\/p>\n<p>Han sido un total de 120 personas las destinatarias de estos talleres.<\/p>\n<p>&nbsp;<\/p>\n","protected":false},"excerpt":{"rendered":"<p>El Centro Mancomunado de Consumo de Tentud\u00eda ha colaborado en la XLI Semana Cultural del Colegio San Francisco Javier de Fuente de Cantos con unos talleres formativos sobre Internet y Redes Sociales. Las personas destinatarias de los mismos fueron las alumnas y alumnos de 3\u00ba y 4\u00ba ESO y 1\u00ba de Bachillerato, las cuales mostraron [&hellip;]<\/p>\n","protected":false},"author":23,"featured_media":10493,"comment_status":"open","ping_status":"open","sticky":false,"template":"","format":"standard","meta":{"footnotes":""},"categories":[255,68,23],"tags":[],"class_list":{"0":"post-10492","1":"post","2":"type-post","3":"status-publish","4":"format-standard","5":"has-post-thumbnail","7":"category-consumo","8":"category-mancomunidad","9":"category-notas-de-prensa"},"_links":{"self":[{"href":"https:\/\/www.mancomunidaddetentudia.com\/portal\/wp-json\/wp\/v2\/posts\/10492","targetHints":{"allow":["GET"]}}],"collection":[{"href":"https:\/\/www.mancomunidaddetentudia.com\/portal\/wp-json\/wp\/v2\/posts"}],"about":[{"href":"https:\/\/www.mancomunidaddetentudia.com\/portal\/wp-json\/wp\/v2\/types\/post"}],"author":[{"embeddable":true,"href":"https:\/\/www.mancomunidaddetentudia.com\/portal\/wp-json\/wp\/v2\/users\/23"}],"replies":[{"embeddable":true,"href":"https:\/\/www.mancomunidaddetentudia.com\/portal\/wp-json\/wp\/v2\/comments?post=10492"}],"version-history":[{"count":1,"href":"https:\/\/www.mancomunidaddetentudia.com\/portal\/wp-json\/wp\/v2\/posts\/10492\/revisions"}],"predecessor-version":[{"id":10496,"href":"https:\/\/www.mancomunidaddetentudia.com\/portal\/wp-json\/wp\/v2\/posts\/10492\/revisions\/10496"}],"wp:featuredmedia":[{"embeddable":true,"href":"https:\/\/www.mancomunidaddetentudia.com\/portal\/wp-json\/wp\/v2\/media\/10493"}],"wp:attachment":[{"href":"https:\/\/www.mancomunidaddetentudia.com\/portal\/wp-json\/wp\/v2\/media?parent=10492"}],"wp:term":[{"taxonomy":"category","embeddable":true,"href":"https:\/\/www.mancomunidaddetentudia.com\/portal\/wp-json\/wp\/v2\/categories?post=10492"},{"taxonomy":"post_tag","embeddable":true,"href":"https:\/\/www.mancomunidaddetentudia.com\/portal\/wp-json\/wp\/v2\/tags?post=10492"}],"curies":[{"name":"wp","href":"https:\/\/api.w.org\/{rel}","templated":true}]}}