{"id":10501,"date":"2018-05-16T10:50:16","date_gmt":"2018-05-16T09:50:16","guid":{"rendered":"http:\/\/www.mancomunidaddetentudia.com\/portal\/?p=10501"},"modified":"2018-05-28T08:03:31","modified_gmt":"2018-05-28T07:03:31","slug":"dia-internacional-del-libro-mujeres-en-los-libros","status":"publish","type":"post","link":"https:\/\/www.mancomunidaddetentudia.com\/portal\/dia-internacional-del-libro-mujeres-en-los-libros\/","title":{"rendered":"D\u00cdA INTERNACIONAL DEL LIBRO: \u201cMUJERES EN LOS LIBROS\u201d"},"content":{"rendered":"<p>La Oficina de igualdad y violencia de g\u00e9nero de la Mancomunidad de Tentud\u00eda, durante los meses de abril y mayo, en conmemoraci\u00f3n del D\u00eda internacional del libro est\u00e1 desarrollando una campa\u00f1a cuyo objetivo es conocer el dif\u00edcil camino que recorrieron las mujeres en el mundo de la literatura a lo largo de la historia debido a que era un \u00e1mbito reservado hist\u00f3ricamente a los varones.<\/p>\n<p>Esta campa\u00f1a hace un recorrido por la historia de las mujeres en el mundo literario, las primeras mujeres que comenzaron a escribir y publicaban sus obras bajo pseud\u00f3nimos masculinos o atribu\u00edan sus obras a los maridos para evitar represalias y castigos, citemos por ejemplo a Jane Austen (1775-1871), Charlotte Bront\u00eb (1816-1855), Mar\u00eda Lej\u00e1rraja Garc\u00eda.<\/p>\n<p>Del mismo modo las mujeres vieron obstaculizado su acceso a la Academia de la Lengua, hasta 1874 no encontramos a la primera mujer, Mar\u00eda Isidra de Guzm\u00e1n y de la Cerda; en 1878 se introduce Carmen Conde Abell\u00e1n y hasta 1998 no vuelve a aparecer otra mujer como acad\u00e9mica, Ana Mar\u00eda Matute Ausejo.<\/p>\n<p>Mujeres que a pesar de los impedimentos dejaron huella en la posteridad, citemos a Victoria Carolina Coronado y Romero de Tejada (1820-1911) considerada la equivalente extreme\u00f1a de otras autoras rom\u00e1nticas coet\u00e1neas como Rosal\u00eda de Castro; escribi\u00f3 poes\u00eda, novelas y obras teatrales.<\/p>\n<p>&#8211; Emilia Pardo Baz\u00e1n (18251-1921) con su importante obra: Los pazos de Ulloa<\/p>\n<p>-Mar\u00eda Moliner Ru\u00edz (1900-1981): estudi\u00f3 Filosof\u00eda y Letras y mediante concurso ingres\u00f3 en el Cuerpo de Archiveros y Bibliotecarios de Espa\u00f1a; su obra m\u00e1s insigne el Diccionario de uso del espa\u00f1ol.<\/p>\n<p>-Gloria Fuertes Garc\u00eda(1917-1998) \u201cla poetisa de los ni\u00f1os\u201d;ganadora de varios premios literarios; obras importantes: Las tres reinas magas<\/p>\n<p>-Gabriela Mistral (1889-1957), recibi\u00f3 el premio Nobel en 1945, poeta y c\u00f3nsul de Chile en varias ciudades del mundo; su obra m\u00e1s importante \u201cDesolaci\u00f3n\u201d.<\/p>\n<p>-Otras mujeres: Alfonsina Stoni, Ana Frank, Somone de Beauvoir, Doris Lessing, Virginia Woolf, Agatha Cristie, J.K. Rowling, Maruja Torres Manzanera, Elvira Lindo Garrido\u2026<\/p>\n<p>Finalmente se dan una serie de recomendaciones en materia de recursos coeducativos en literatura infantil y juvenil as\u00ed como en literatura dirigida a mujeres o lecturas feministas, destacamos entre otros:<\/p>\n<ul>\n<li>Cuentos de buenas noches para ni\u00f1as rebeldes. Elena Favilli-Francesca Cavallo<\/li>\n<li>Supermujeres, superinventoras<\/li>\n<li>Pipi Calzaslargas<\/li>\n<li>Vivir los cuentos. Gu\u00eda para contar cuentos. Instituto andaluz de la mujer.<\/li>\n<li>\u00bfHay algo m\u00e1s aburrido que ser una princesa rosa?Raquel D\u00edaz Reguera.<\/li>\n<li>Rosa Caramelo, La historia de los bonobos con gafas, Arturo y Clementina o Una feliz cat\u00e1strofe de Adela Tur\u00edn.<\/li>\n<li>Amar o depender o Los l\u00edmites del amor de Walter Riso<\/li>\n<li>Lecturas de Marcela Lagarde o Gioconda Belli<\/li>\n<li>Feminismo para principiantes o Cansadas de Nuria Varela Men\u00e9ndez<\/li>\n<li>Lecturas de Amelia Valc\u00e1rcel y Bernaldo de Quir\u00f3s<\/li>\n<li>http::\/\/bibliotecafeminista.com<\/li>\n<li>Mujeres en red. El peri\u00f3dico feminista: http::\/\/www.mujeresenered.net<\/li>\n<\/ul>\n<p style=\"text-align: center;\">\u00a0<a href=\"http:\/\/www.mancomunidaddetentudia.com\/portal\/wp-content\/uploads\/2018\/05\/28278971_1936103986718503_9130390898894208707_n.jpg\"><img loading=\"lazy\" decoding=\"async\" class=\"alignnone wp-image-10505 size-medium\" src=\"http:\/\/www.mancomunidaddetentudia.com\/portal\/wp-content\/uploads\/2018\/05\/28278971_1936103986718503_9130390898894208707_n-300x225.jpg\" alt=\"\" width=\"300\" height=\"225\" srcset=\"https:\/\/www.mancomunidaddetentudia.com\/portal\/wp-content\/uploads\/2018\/05\/28278971_1936103986718503_9130390898894208707_n-300x225.jpg 300w, https:\/\/www.mancomunidaddetentudia.com\/portal\/wp-content\/uploads\/2018\/05\/28278971_1936103986718503_9130390898894208707_n-768x576.jpg 768w, https:\/\/www.mancomunidaddetentudia.com\/portal\/wp-content\/uploads\/2018\/05\/28278971_1936103986718503_9130390898894208707_n-80x60.jpg 80w, https:\/\/www.mancomunidaddetentudia.com\/portal\/wp-content\/uploads\/2018\/05\/28278971_1936103986718503_9130390898894208707_n-265x198.jpg 265w, https:\/\/www.mancomunidaddetentudia.com\/portal\/wp-content\/uploads\/2018\/05\/28278971_1936103986718503_9130390898894208707_n-696x522.jpg 696w, https:\/\/www.mancomunidaddetentudia.com\/portal\/wp-content\/uploads\/2018\/05\/28278971_1936103986718503_9130390898894208707_n-560x420.jpg 560w, https:\/\/www.mancomunidaddetentudia.com\/portal\/wp-content\/uploads\/2018\/05\/28278971_1936103986718503_9130390898894208707_n.jpg 960w\" sizes=\"auto, (max-width: 300px) 100vw, 300px\" \/><\/a><\/p>\n<p>Esta campa\u00f1a se ha desarrollado a trav\u00e9s de programas de radio, dirigidos a toda la poblaci\u00f3n, tambi\u00e9n se ha hecho llegar a centros educativos de educaci\u00f3n infantil, primaria y secundaria y se est\u00e1n realizando charlas informativas dirigidas a Escuelas profesionales de los municipios que integran la Mancomunidad de Tentud\u00eda.<\/p>\n<p>Podr\u00e1s encontrar la informaci\u00f3n completa de la campa\u00f1a en los siguientes enlaces:<\/p>\n<p><a href=\"http:\/\/www.mancomunidaddetentudia.com\/portal\/wp-content\/uploads\/2018\/05\/Mujeres-en-los-libros.pdf\">Mujeres en los libros<\/a><\/p>\n<p><a href=\"http:\/\/www.mancomunidaddetentudia.com\/portal\/wp-content\/uploads\/2018\/05\/Recomendaciones-lecturas-para-mujeres.pdf\">Recomendaciones lecturas<\/a><\/p>\n","protected":false},"excerpt":{"rendered":"<p>La Oficina de igualdad y violencia de g\u00e9nero de la Mancomunidad de Tentud\u00eda, durante los meses de abril y mayo, en conmemoraci\u00f3n del D\u00eda internacional del libro est\u00e1 desarrollando una campa\u00f1a cuyo objetivo es conocer el dif\u00edcil camino que recorrieron las mujeres en el mundo de la literatura a lo largo de la historia debido [&hellip;]<\/p>\n","protected":false},"author":23,"featured_media":10504,"comment_status":"open","ping_status":"open","sticky":false,"template":"","format":"standard","meta":{"footnotes":""},"categories":[23,43],"tags":[],"class_list":{"0":"post-10501","1":"post","2":"type-post","3":"status-publish","4":"format-standard","5":"has-post-thumbnail","7":"category-notas-de-prensa","8":"category-igualdad"},"_links":{"self":[{"href":"https:\/\/www.mancomunidaddetentudia.com\/portal\/wp-json\/wp\/v2\/posts\/10501","targetHints":{"allow":["GET"]}}],"collection":[{"href":"https:\/\/www.mancomunidaddetentudia.com\/portal\/wp-json\/wp\/v2\/posts"}],"about":[{"href":"https:\/\/www.mancomunidaddetentudia.com\/portal\/wp-json\/wp\/v2\/types\/post"}],"author":[{"embeddable":true,"href":"https:\/\/www.mancomunidaddetentudia.com\/portal\/wp-json\/wp\/v2\/users\/23"}],"replies":[{"embeddable":true,"href":"https:\/\/www.mancomunidaddetentudia.com\/portal\/wp-json\/wp\/v2\/comments?post=10501"}],"version-history":[{"count":2,"href":"https:\/\/www.mancomunidaddetentudia.com\/portal\/wp-json\/wp\/v2\/posts\/10501\/revisions"}],"predecessor-version":[{"id":10524,"href":"https:\/\/www.mancomunidaddetentudia.com\/portal\/wp-json\/wp\/v2\/posts\/10501\/revisions\/10524"}],"wp:featuredmedia":[{"embeddable":true,"href":"https:\/\/www.mancomunidaddetentudia.com\/portal\/wp-json\/wp\/v2\/media\/10504"}],"wp:attachment":[{"href":"https:\/\/www.mancomunidaddetentudia.com\/portal\/wp-json\/wp\/v2\/media?parent=10501"}],"wp:term":[{"taxonomy":"category","embeddable":true,"href":"https:\/\/www.mancomunidaddetentudia.com\/portal\/wp-json\/wp\/v2\/categories?post=10501"},{"taxonomy":"post_tag","embeddable":true,"href":"https:\/\/www.mancomunidaddetentudia.com\/portal\/wp-json\/wp\/v2\/tags?post=10501"}],"curies":[{"name":"wp","href":"https:\/\/api.w.org\/{rel}","templated":true}]}}