{"id":10508,"date":"2018-05-16T11:19:08","date_gmt":"2018-05-16T10:19:08","guid":{"rendered":"http:\/\/www.mancomunidaddetentudia.com\/portal\/?p=10508"},"modified":"2018-05-16T11:19:08","modified_gmt":"2018-05-16T10:19:08","slug":"jornadas-sobre-niculoso-pisano-en-calera-de-leon","status":"publish","type":"post","link":"https:\/\/www.mancomunidaddetentudia.com\/portal\/jornadas-sobre-niculoso-pisano-en-calera-de-leon\/","title":{"rendered":"JORNADAS SOBRE NICULOSO PISANO EN CALERA DE LE\u00d3N"},"content":{"rendered":"<p><strong>25 de mayo<\/strong>, en el <strong>Auditorio del Conventual Santiaguista<\/strong>:<br \/>\n&#8211; De 16 a 17 horas, acogida y entrega de material<br \/>\n&#8211; A las 17 horas: Acto de inauguraci\u00f3n de las Jornadas.<br \/>\nA) Presiden la Mesa: El Director General de Patrimonio de la Junta de Extremadura, el Delegado Episcopal de Patrimonio, el P\u00e1rroco, la Alcaldes y el Hermano Mayor.<br \/>\nB) Palabras de acogida.<br \/>\n&#8211; Conferencia inaugural a cargo de D. Antonio Ventura D\u00edaz, Exvicepresidente y Exconsejero de Cultura de la Junta de Extremadura y Exdirector de la Academia Europea de Yuste.<br \/>\nTema: La riqueza hist\u00f3rica, monumental, art\u00edstica y cultural-antropol\u00f3gica de Extremadura<br \/>\n&#8211; A las 18:30h, ponencia a cargo de D. Manuel L\u00f3pez Fern\u00e1ndez, Doctor en Historia, Cronista oficial de Calera de Le\u00f3n e investigador, que versar\u00e1 sobre el tema Santa Mar\u00eda de Tud\u00eda: marco hist\u00f3rico y legendario para un \u201cretablo de asulejo de ymaginer\u00eda\u201d.<\/p>\n<p><strong>26 de mayo<\/strong>, en el <strong>Auditorio del Conventual Santiaguista<\/strong>:<br \/>\n&#8211; A las 10:30h, ponencia a cargo de D. Andr\u00e9s Oyola Fabi\u00e1n, Doctor en Filosof\u00eda, Cronista oficial de Segura de Le\u00f3n, Acad\u00e9mico Correspondiente de la Real Academia de Extremadura de las Letras y de las Artes. Tema: Ser vicario en Tud\u00eda: Juan Riero y su tiempo.<br \/>\n&#8211; De 11:30h a 12:00h, descanso<br \/>\n&#8211; A las 12:00h, ponencia a cargo de D. Francisco Javier Pizarro G\u00f3mez, Catedr\u00e1tico de Historia del Arte de la Universidad de Extremadura, Acad\u00e9mico y Director de la Real Academia de Extremadura de las Letras y de las Artes y Correspondiente de la Real Academia de Bellas Artes de Santa Isabel de Hungr\u00eda de Sevilla. Tema: Presencia sevillana en el arte de la Baja Extremadura del siglo XVI.<br \/>\n&#8211; A las 17:00h, ponencia a cargo de D. Manuel Pecell\u00edn Lancharro, Doctor en Filosof\u00eda, Catedr\u00e1tico, Acad\u00e9mico y Secretario de la Real Academia de Extremadura de las Letras y de las Artes. Tema: Humanismo a la sombra de Tentud\u00eda.<br \/>\n&#8211; A las 18:30h, ponencia a cargo de D. Francisco Juan Mart\u00ednez Rojas, Doctor en Historia, Miembro y Consejero del Instituto Giennense, Acad\u00e9mico de la Real Academia de Ciencias Hist\u00f3ricas y Bellas Artes de Toledo, Vicario General de la Di\u00f3cesis de Ja\u00e9n. Tema: El retablo de Tentud\u00eda: el arte al servicio de la fe.<\/p>\n<p><strong>27 de mayo<\/strong>, el acto acad\u00e9mico tendr\u00e1 lugar en el <strong>Monasterio de Tentud\u00eda<\/strong>:<br \/>\n&#8211; A las 10:30h, ponencia a cargo de D. Alfonso Pleguezuelo Hern\u00e1ndez, Catedr\u00e1tico de Historia del Arte de la Universidad de Sevilla, Acad\u00e9mico de la Real Academia de Bellas Artes de Santa Isabel de Hungr\u00eda de Sevilla, especialista, con renombre internacional, en Niculoso Pisano. Tema: El retablo de Tentud\u00eda: presentaci\u00f3n y an\u00e1lisis.<br \/>\n&#8211; De 11:30h a 12:00h, descanso y colocaci\u00f3n de invitados institucionales.<br \/>\n&#8211; A las 12:00h, Acto de clausura de las Jornadas:<br \/>\nA) Presiden la Mesa: El Sr. Arzobispo, el Sr. Presidente de la Junta, el Sr.Embajador de Italia, S.A.R. Presidente del Real Consejo de \u00d3rdenes Militares, El Sr. Director de la Real Academia de Extremadura, de las Letras y de las Artes, el Sr. Presidente de la Diputaci\u00f3n de Badajoz, la Sra. Secretaria General de Cultura de la Junta de Extremadura, el Sr. Cura P\u00e1rroco, la Sra. Alcaldesa y el Hermano Mayor de la Hdad. De la Stma. Virgen de Tentud\u00eda.<br \/>\nB) Concierto del Coro Amadeus que interpretar\u00e1, entre otras obras, algunas de las Cantigas que Alfonso X dedica a Santa Mar\u00eda de Tud\u00eda.<br \/>\nC) Discurso de clausura a cargo de El\u00edas L\u00f3pez Contreras, Coordinador del Proyecto y de las Jornadas.<br \/>\nD) Palabras finales del Sr. Presidente de la Junta y del Sr. Arzobispo<\/p>\n","protected":false},"excerpt":{"rendered":"<p>25 de mayo, en el Auditorio del Conventual Santiaguista: &#8211; De 16 a 17 horas, acogida y entrega de material &#8211; A las 17 horas: Acto de inauguraci\u00f3n de las Jornadas. A) Presiden la Mesa: El Director General de Patrimonio de la Junta de Extremadura, el Delegado Episcopal de Patrimonio, el P\u00e1rroco, la Alcaldes y [&hellip;]<\/p>\n","protected":false},"author":23,"featured_media":10509,"comment_status":"open","ping_status":"open","sticky":false,"template":"","format":"standard","meta":{"footnotes":""},"categories":[53],"tags":[],"class_list":{"0":"post-10508","1":"post","2":"type-post","3":"status-publish","4":"format-standard","5":"has-post-thumbnail","7":"category-citas-y-eventos"},"_links":{"self":[{"href":"https:\/\/www.mancomunidaddetentudia.com\/portal\/wp-json\/wp\/v2\/posts\/10508","targetHints":{"allow":["GET"]}}],"collection":[{"href":"https:\/\/www.mancomunidaddetentudia.com\/portal\/wp-json\/wp\/v2\/posts"}],"about":[{"href":"https:\/\/www.mancomunidaddetentudia.com\/portal\/wp-json\/wp\/v2\/types\/post"}],"author":[{"embeddable":true,"href":"https:\/\/www.mancomunidaddetentudia.com\/portal\/wp-json\/wp\/v2\/users\/23"}],"replies":[{"embeddable":true,"href":"https:\/\/www.mancomunidaddetentudia.com\/portal\/wp-json\/wp\/v2\/comments?post=10508"}],"version-history":[{"count":2,"href":"https:\/\/www.mancomunidaddetentudia.com\/portal\/wp-json\/wp\/v2\/posts\/10508\/revisions"}],"predecessor-version":[{"id":10511,"href":"https:\/\/www.mancomunidaddetentudia.com\/portal\/wp-json\/wp\/v2\/posts\/10508\/revisions\/10511"}],"wp:featuredmedia":[{"embeddable":true,"href":"https:\/\/www.mancomunidaddetentudia.com\/portal\/wp-json\/wp\/v2\/media\/10509"}],"wp:attachment":[{"href":"https:\/\/www.mancomunidaddetentudia.com\/portal\/wp-json\/wp\/v2\/media?parent=10508"}],"wp:term":[{"taxonomy":"category","embeddable":true,"href":"https:\/\/www.mancomunidaddetentudia.com\/portal\/wp-json\/wp\/v2\/categories?post=10508"},{"taxonomy":"post_tag","embeddable":true,"href":"https:\/\/www.mancomunidaddetentudia.com\/portal\/wp-json\/wp\/v2\/tags?post=10508"}],"curies":[{"name":"wp","href":"https:\/\/api.w.org\/{rel}","templated":true}]}}