{"id":10558,"date":"2018-06-29T13:36:31","date_gmt":"2018-06-29T12:36:31","guid":{"rendered":"http:\/\/www.mancomunidaddetentudia.com\/portal\/?p=10558"},"modified":"2018-06-29T13:36:31","modified_gmt":"2018-06-29T12:36:31","slug":"la-mancomunidad-de-tentudia-abre-el-portal-de-reservas-gastorstar-tentudia-a-traves-del-cual-se-podran-adquirir-paquetes-turisticos-y-entradas-a-la-ii-muestra-gastrostar","status":"publish","type":"post","link":"https:\/\/www.mancomunidaddetentudia.com\/portal\/la-mancomunidad-de-tentudia-abre-el-portal-de-reservas-gastorstar-tentudia-a-traves-del-cual-se-podran-adquirir-paquetes-turisticos-y-entradas-a-la-ii-muestra-gastrostar\/","title":{"rendered":"LA MANCOMUNIDAD DE TENTUD\u00cdA ABRE EL PORTAL DE RESERVAS \u201cGASTORSTAR TENTUD\u00cdA\u201d A TRAV\u00c9S DEL CUAL SE PODR\u00c1N ADQUIRIR PAQUETES TUR\u00cdSTICOS Y ENTRADAS A LA II MUESTRA GASTROSTAR"},"content":{"rendered":"<p>A partir de esta tarde estar\u00e1 abierto el portal \u201cGastrostar Tentud\u00eda\u201d, en el que ya est\u00e1n a la venta diferentes paquetes tur\u00edsticos que prometen ser aut\u00e9nticas experiencias \u201cestelares\u201d a disfrutar durante todo el fin de semana en el que se celebrar\u00e1 la <em>II Muestra Gastrostar. <\/em>La segunda edici\u00f3n de esta muestra gastron\u00f3mica, que tendr\u00e1 lugar la noche del 28 de julio en un enclave \u00fanico, el Monasterio de Tentud\u00eda, y bajo un manto de estrellas, viene cargada de muchas novedades y acompa\u00f1ada de una oferta tur\u00edstica para todos los gustos y colectivos.<\/p>\n<p>La Mancomunidad de Tentud\u00eda, ente organizador del evento, ha dise\u00f1ado diferentes experiencias tur\u00edsticas con el fin de ofrecerle al visitante un amplio abanico de alojamientos y actividades a realizar durante los d\u00edas 27, 28 y 29 de julio. En este sentido, el visitante podr\u00e1 alojarse en diferentes casas y alojamientos rurales, hoteles y hostales; degustar la gastronom\u00eda de nuestra Comarca en diversos restaurantes mediante sus men\u00fas \u201cGastrostar\u201d; disfrutar de nuestro entorno natural a trav\u00e9s de una ruta en buggy y quad o una traves\u00eda en kayak, piragua y paddle surf;\u00a0 y descubrir nuestro patrimonio participando en las visitas guiadas a diferentes enclaves y monumentos tur\u00edsticos. Estas experiencias han sido dise\u00f1adas en colaboraci\u00f3n con las diferentes empresas del sector que han querido participar en el fen\u00f3meno \u201cGastrostar\u201d, creando una oferta diferenciada y personalizada para ese fin de semana.<\/p>\n<p>Durante estos d\u00edas,\u00a0 y con el fin de dar a conocer el portal para que los interesados puedan familiarizarse con el mismo, se ofertar\u00e1n \u00fanicamente seis paquetes tur\u00edsticos predise\u00f1ados por la Mancomunidad, los cuales podr\u00e1n ser adquiridos desde hoy y de los cuales \u00fanicamente hay disponible una unidad.<\/p>\n<p>En los pr\u00f3ximos d\u00edas, se ir\u00e1 ampliando la oferta de actividades, alojamientos y productos tur\u00edsticos que se podr\u00e1n adquirir a trav\u00e9s del portal.<\/p>\n<p>Para asistir a la Muestra Gastrostar, se dispone de diversas opciones: adquiriendo un paquete ya dise\u00f1ado, en el que estar\u00e1 incluida la entrada a la muestra y la cual contar\u00e1 con un descuento; creando tu propio pack a trav\u00e9s del cual podr\u00e1s complementar la asistencia a la muestra con otras actividades o la estancia en uno de los alojamientos disponibles, disfrutando igualmente de un descuento en tu entrada; o bien comprando \u00fanicamente la entrada a la muestra, en cuyo caso no se podr\u00e1 aplicar descuento a la misma.<\/p>\n<p>El objetivo principal que se ha marcado la Mancomunidad de Tentud\u00eda con esta iniciativa, es atraer a los turistas a nuestra Comarca, dar a conocer su gastronom\u00eda junto a su rico patrimonio natural y cultural, promocionar a las empresas del sector as\u00ed como sus actividades, y ofrecerle a su vez a todas las personas, tanto de la Comarca como de fuera, la posibilidad de vivir nuevamente una noche m\u00e1gica bajo las estrellas, complementando esta velada con otras actividades y elementos tur\u00edsticos que har\u00e1n de esta segunda muestra gastron\u00f3mica una \u201cexperiencia estelar\u201d.<\/p>\n<p>Toda la informaci\u00f3n sobre la venta de paquetes tur\u00edsticos as\u00ed como de las entradas a la II Muestra Gastrostar en <a href=\"http:\/\/www.gastrostartentudia.com\">www.gastrostartentudia.com<\/a><\/p>\n","protected":false},"excerpt":{"rendered":"<p>A partir de esta tarde estar\u00e1 abierto el portal \u201cGastrostar Tentud\u00eda\u201d, en el que ya est\u00e1n a la venta diferentes paquetes tur\u00edsticos que prometen ser aut\u00e9nticas experiencias \u201cestelares\u201d a disfrutar durante todo el fin de semana en el que se celebrar\u00e1 la II Muestra Gastrostar. La segunda edici\u00f3n de esta muestra gastron\u00f3mica, que tendr\u00e1 lugar [&hellip;]<\/p>\n","protected":false},"author":23,"featured_media":10545,"comment_status":"open","ping_status":"open","sticky":false,"template":"","format":"standard","meta":{"footnotes":""},"categories":[27,68,23],"tags":[],"class_list":{"0":"post-10558","1":"post","2":"type-post","3":"status-publish","4":"format-standard","5":"has-post-thumbnail","7":"category-actualidad","8":"category-mancomunidad","9":"category-notas-de-prensa"},"_links":{"self":[{"href":"https:\/\/www.mancomunidaddetentudia.com\/portal\/wp-json\/wp\/v2\/posts\/10558","targetHints":{"allow":["GET"]}}],"collection":[{"href":"https:\/\/www.mancomunidaddetentudia.com\/portal\/wp-json\/wp\/v2\/posts"}],"about":[{"href":"https:\/\/www.mancomunidaddetentudia.com\/portal\/wp-json\/wp\/v2\/types\/post"}],"author":[{"embeddable":true,"href":"https:\/\/www.mancomunidaddetentudia.com\/portal\/wp-json\/wp\/v2\/users\/23"}],"replies":[{"embeddable":true,"href":"https:\/\/www.mancomunidaddetentudia.com\/portal\/wp-json\/wp\/v2\/comments?post=10558"}],"version-history":[{"count":1,"href":"https:\/\/www.mancomunidaddetentudia.com\/portal\/wp-json\/wp\/v2\/posts\/10558\/revisions"}],"predecessor-version":[{"id":10559,"href":"https:\/\/www.mancomunidaddetentudia.com\/portal\/wp-json\/wp\/v2\/posts\/10558\/revisions\/10559"}],"wp:featuredmedia":[{"embeddable":true,"href":"https:\/\/www.mancomunidaddetentudia.com\/portal\/wp-json\/wp\/v2\/media\/10545"}],"wp:attachment":[{"href":"https:\/\/www.mancomunidaddetentudia.com\/portal\/wp-json\/wp\/v2\/media?parent=10558"}],"wp:term":[{"taxonomy":"category","embeddable":true,"href":"https:\/\/www.mancomunidaddetentudia.com\/portal\/wp-json\/wp\/v2\/categories?post=10558"},{"taxonomy":"post_tag","embeddable":true,"href":"https:\/\/www.mancomunidaddetentudia.com\/portal\/wp-json\/wp\/v2\/tags?post=10558"}],"curies":[{"name":"wp","href":"https:\/\/api.w.org\/{rel}","templated":true}]}}