{"id":10562,"date":"2018-07-10T20:39:00","date_gmt":"2018-07-10T19:39:00","guid":{"rendered":"http:\/\/www.mancomunidaddetentudia.com\/portal\/?p=10562"},"modified":"2018-07-10T20:39:50","modified_gmt":"2018-07-10T19:39:50","slug":"el-entorno-del-monasterio-de-tentudia-acoge-la-ii-muestra-gastrostar-la-noche-del-28-de-julio","status":"publish","type":"post","link":"https:\/\/www.mancomunidaddetentudia.com\/portal\/el-entorno-del-monasterio-de-tentudia-acoge-la-ii-muestra-gastrostar-la-noche-del-28-de-julio\/","title":{"rendered":"EL ENTORNO DEL MONASTERIO DE TENTUD\u00cdA ACOGER\u00c1 LA II MUESTRA GASTROSTAR LA NOCHE DEL 28 DE JULIO"},"content":{"rendered":"<p>El Monasterio de Tentud\u00eda y su entorno vivir\u00e1n nuevamente una noche m\u00e1gica con la celebraci\u00f3n de la\u00a0<em>II Muestra GastroStar<\/em>, un evento organizado por la Mancomunidad de Tentud\u00eda, en colaboraci\u00f3n con la Asociaci\u00f3n \u201cTentud\u00eda Gastron\u00f3mica\u201d, que tendr\u00e1 lugar el pr\u00f3ximo 28 de julio.<\/p>\n<p>Seg\u00fan explican Mercedes D\u00edaz Ba\u00f1os, presidenta de la Mancomunidad, y el gerente Jes\u00fas Aparicio, \u201ceste a\u00f1o hemos querido darle un enfoque diferente a la muestra, ofreci\u00e9ndole a las empresas del sector tur\u00edstico de la zona la posibilidad de participar en la misma, con el fin de promocionar la Comarca de Tentud\u00eda y ofrecer diferentes experiencias tur\u00edsticas en torno a la cena Gastrostar. Se trata de atraer a los turistas a la Comarca y que \u00e9stos pasen el fin de semana en nuestro territorio, descubriendo nuestro patrimonio, disfrutando de nuestro entorno natural y degustando nuestra gastronom\u00eda. Y a su vez se pretende promover el \u201cturismo interior\u201d de la Comarca, ofreciendo diversas actividades dirigidas a los habitantes del territorio para que se desplacen por el mismo, visiten otras localidades de la Comarca o degusten men\u00fas elaborados exclusivamente con motivo de la Muestra Gastrostar\u201d.<\/p>\n<p>En esta segunda edici\u00f3n de la muestra se combinar\u00e1n de nuevo los dos valores que definen y le asignan su propia identidad al evento: lo mejor de la gastronom\u00eda de la Comarca y lo mejor de su cielo, todo ello expuesto en un observatorio privilegiado, a 1.108 metros de altitud y totalmente libre de contaminaci\u00f3n lum\u00ednica, por lo que en esta noche los participantes se ver\u00e1n literalmente envueltos en un manto de estrellas.<\/p>\n<p>Y como valor a\u00f1adido a todo lo expuesto anteriormente, est\u00e1 la presencia del Monasterio, una joya mud\u00e9jar cargada de historia y leyenda, cuya contemplaci\u00f3n ya merece por s\u00ed misma una visita reposada.<\/p>\n<p>El aforo de la Muestra se limitar\u00e1 a unas 250 personas con el fin de crear un ambiente c\u00f3modo y tranquilo. Durante toda la velada, un grupo de jazz y otro de cuerda pondr\u00e1n el contrapunto musical en vivo a lo que se augura como una noche diferente e inolvidable.<\/p>\n<p>El programa provisional es el siguiente:<\/p>\n<p>-20.00h: Recepci\u00f3n de visitantes<\/p>\n<p>-21.00h: Inauguraci\u00f3n oficial<\/p>\n<p>-21.30h: Inicio de las degustaciones. Diversas carpas instaladas en distintos puntos ofrecer\u00e1n lo mejor del cerdo ib\u00e9rico y el cordero, quesos artesanos, vinos de la tierra y cervezas artesanas, postres tradicionales de la comarca y mucho m\u00e1s.<\/p>\n<p>-22.30h (aprox.): Taller astron\u00f3mico; contemplaci\u00f3n de constelaciones, estrellas y planetas<\/p>\n<p>-02.00h (aprox.): Fin del evento<\/p>\n<p>Para adquirir tu pack Gastrostar y asistir a la cena, s\u00f3lo tienes que entrar en www.gastrostartentudia.com y elegir la experiencia que m\u00e1s se adapte a tus preferencias.<\/p>\n","protected":false},"excerpt":{"rendered":"<p>El Monasterio de Tentud\u00eda y su entorno vivir\u00e1n nuevamente una noche m\u00e1gica con la celebraci\u00f3n de la\u00a0II Muestra GastroStar, un evento organizado por la Mancomunidad de Tentud\u00eda, en colaboraci\u00f3n con la Asociaci\u00f3n \u201cTentud\u00eda Gastron\u00f3mica\u201d, que tendr\u00e1 lugar el pr\u00f3ximo 28 de julio. Seg\u00fan explican Mercedes D\u00edaz Ba\u00f1os, presidenta de la Mancomunidad, y el gerente Jes\u00fas [&hellip;]<\/p>\n","protected":false},"author":23,"featured_media":10563,"comment_status":"open","ping_status":"open","sticky":false,"template":"","format":"standard","meta":{"footnotes":""},"categories":[27,53,37],"tags":[],"class_list":{"0":"post-10562","1":"post","2":"type-post","3":"status-publish","4":"format-standard","5":"has-post-thumbnail","7":"category-actualidad","8":"category-citas-y-eventos","9":"category-destacados"},"_links":{"self":[{"href":"https:\/\/www.mancomunidaddetentudia.com\/portal\/wp-json\/wp\/v2\/posts\/10562","targetHints":{"allow":["GET"]}}],"collection":[{"href":"https:\/\/www.mancomunidaddetentudia.com\/portal\/wp-json\/wp\/v2\/posts"}],"about":[{"href":"https:\/\/www.mancomunidaddetentudia.com\/portal\/wp-json\/wp\/v2\/types\/post"}],"author":[{"embeddable":true,"href":"https:\/\/www.mancomunidaddetentudia.com\/portal\/wp-json\/wp\/v2\/users\/23"}],"replies":[{"embeddable":true,"href":"https:\/\/www.mancomunidaddetentudia.com\/portal\/wp-json\/wp\/v2\/comments?post=10562"}],"version-history":[{"count":2,"href":"https:\/\/www.mancomunidaddetentudia.com\/portal\/wp-json\/wp\/v2\/posts\/10562\/revisions"}],"predecessor-version":[{"id":10565,"href":"https:\/\/www.mancomunidaddetentudia.com\/portal\/wp-json\/wp\/v2\/posts\/10562\/revisions\/10565"}],"wp:featuredmedia":[{"embeddable":true,"href":"https:\/\/www.mancomunidaddetentudia.com\/portal\/wp-json\/wp\/v2\/media\/10563"}],"wp:attachment":[{"href":"https:\/\/www.mancomunidaddetentudia.com\/portal\/wp-json\/wp\/v2\/media?parent=10562"}],"wp:term":[{"taxonomy":"category","embeddable":true,"href":"https:\/\/www.mancomunidaddetentudia.com\/portal\/wp-json\/wp\/v2\/categories?post=10562"},{"taxonomy":"post_tag","embeddable":true,"href":"https:\/\/www.mancomunidaddetentudia.com\/portal\/wp-json\/wp\/v2\/tags?post=10562"}],"curies":[{"name":"wp","href":"https:\/\/api.w.org\/{rel}","templated":true}]}}