{"id":10587,"date":"2018-07-20T09:33:19","date_gmt":"2018-07-20T08:33:19","guid":{"rendered":"http:\/\/www.mancomunidaddetentudia.com\/portal\/?p=10587"},"modified":"2018-07-20T09:33:19","modified_gmt":"2018-07-20T08:33:19","slug":"rafa-prieto-cuarteto-formacion-de-jazz-de-lujo-para-amenizar-la-gastrostar","status":"publish","type":"post","link":"https:\/\/www.mancomunidaddetentudia.com\/portal\/rafa-prieto-cuarteto-formacion-de-jazz-de-lujo-para-amenizar-la-gastrostar\/","title":{"rendered":"RAFA PRIETO CUARTETO, FORMACI\u00d3N DE JAZZ DE LUJO PARA AMENIZAR LA GASTROSTAR"},"content":{"rendered":"<div class=\"thb-text entry-content post-4994 post type-post status-publish format-standard has-post-thumbnail hentry category-gastrostar\">\n<p>Esta formaci\u00f3n se nutre del repertorio de standards de jazz americano de todas las \u00e9pocas as\u00ed como de algunos temas de The beatles, Paul McCartney, Eric Clapton o King Crimsom llevados al terreno y la sonoridad del cuarteto de jazz.<\/p>\n<p>A continuaci\u00f3n os dejamos informaci\u00f3n sobre los integrantes de este grupo y su trayectoria:<\/p>\n<p><u>RAFA PRIETO. GUITARRA Y VOZ.<\/u><\/p>\n<p>M\u00fasico emeritense de formaci\u00f3n en principio autodidacta basada en el rock y el jazz. Asiste en 1997 y 1998 al Seminario Internacional de Jazz de Sedav\u00ed (Valencia) donde imparten masterclass m\u00fasicos como Kurt Rosenwinkel, Perico Sambeat, Bruce Barth y Jorge Pardo entre otros. Durante los a\u00f1os siguientes forma parte de proyectos como el del grupo extreme\u00f1o Perroflauta, y el de Gecko Turner con quienes graba varios discos (\u201cAfricaninho\u201d, \u201cAguas tan fr\u00edas que hielan el coraz\u00f3n\u201d, \u201cGuapapasea\u201d, \u201cChandalismo ilustrado\u201d, \u201cGone down south\u201d y \u201cThat place by the thing with the cool name\u201d) y realiza varias giras por Espa\u00f1a tocando en festivales como el U-zona reggae, Etnosur, Bilbao tropical, Esp\u00e1rrago Rock y Womad, adem\u00e1s de algunas giras por Alemania y Polonia, tocando en ciudades como Berl\u00edn, Hannover y Cracovia. En 2007 ingresa en el Conservatorio Profesional de Badajoz donde comienza a estudiar con Evaristo Valent\u00ed finalizando los estudios de guitarra cl\u00e1sica con matr\u00edcula de honor, adem\u00e1s de asistir a cursos como el del guitarrista Carles Trepat. Como profesor acumula experiencia en el Conservatorio Profesional \u201cJuan V\u00e1zquez\u201d durante el curso 2016-2017, la Escuela Municipal de Alc\u00e1ntara desde 2007, la Escuela Municipal de Jerez de los Caballeros desde 2014 hasta 2016, cursos de iniciaci\u00f3n al jazz en el Conservatorio Profesional \u201cJuan V\u00e1zquez\u201d en 2013, 2016 y 2017,eEscuelas privadas: CAB (Centro Art\u00edstico Badajoz), Music Art (Escuela de m\u00fasica y arte, Badajoz).<\/p>\n<p><u>PEP\u00cdN MU\u00d1OZ. BATER\u00cdA.<\/u><\/p>\n<p>Pep\u00edn Mu\u00f1oz es una de las referencias ineludibles de la m\u00fasica moderna y el jazz en nuestra regi\u00f3n, uno de los m\u00fasicos m\u00e1s respetados y queridos por la afici\u00f3n y los propios m\u00fasicos extreme\u00f1os. De origen andaluz, su trayectoria como percusionista se cuenta sobre los escenarios, acompa\u00f1ando como m\u00fasico de directo y participando en buena parte de los proyectos de m\u00fasica moderna y jazz de la regi\u00f3n y como profesor de bater\u00eda en diferentes escuelas y municipios de la provincia de Badajoz.<\/p>\n<p>Las generaciones m\u00e1s j\u00f3venes lo conocen de un tiempo a esta parte a trav\u00e9s de la formaci\u00f3n pacense \u201cSpecial Quartet\u201d y m\u00e1s recientemente de la mano del tr\u00edo \u201cEscaparate 7\u2033 del saxofonista alem\u00e1n afincado en C\u00e1ceres Alex Jan\u00dfen.<\/p>\n<p>Sin embargo, sus primeros pasos como baterista se remontan a mediados de los 80\u201d en Badajoz. Grupos m\u00edticos de la escena extreme\u00f1a como Animal Crackers, Los Aviones, La Candi-2 Banda, AMC Tr\u00edo, Jazz Four Sale, Not Cold Tr\u00edo, Tabla de Lavar, etc.. y m\u00fasicos como Jes\u00fas Amante, Gene Garc\u00eda, Diego Ant\u00fanez, Rafa Prieto o Gecko Turner, entre otros, han contado con el saber hacer de Pep\u00edn.<\/p>\n<p><u>JUANAN MORENO. TROMPETA.<\/u><\/p>\n<p>Nace en Los Santos de Maimona donde a los 7 a\u00f1os comienza sus estudios musicales en la Escuela Municipal de M\u00fasica participando activamente en todos los proyectos y agrupaciones musicales de \u00e9sta. En 2005, ingresa en el Conservatorio Oficial de M\u00fasica de Almendralejo para realizar los estudios de Grado Elemental y Grado Profesional. Durante estos a\u00f1os particip\u00f3 en Seminarios de trompeta cl\u00e1sica con profesores de renombre como Juan Carlos Alandete, Rudy Korp, Sergi Novella, Manuel Blanco, etc. Tambi\u00e9n en el Seminarios de Musicoterapia con ADESEC en 2008 y en el Proyecto Internacional \u201ciTEC\u201d. Adem\u00e1s particip\u00f3 en la OSCAM (Orquesta Sinf\u00f3nica\u00a0 Conservatorio de Almendralejo-M\u00e9rida) siendo el concierto junto a Los Secretos el m\u00e1s destacado entre otros. Tambi\u00e9n fue miembro de la Banda de la Federaci\u00f3n Extreme\u00f1a de Bandas de M\u00fasica (BAFEX), Filarm\u00f3nica de Villafranca de los Barros y Banda de la Diputaci\u00f3n de C\u00e1ceres.<\/p>\n<p>Al terminar dichos estudios en 2013, decide continuar sus estudios en la especialidad de jazz y m\u00fasica moderna. Se traslada hasta Pamplona para realizar la Licenciatura en trompeta de jazz, donde ha recibido clases de profesores de la talla de Alberto Arteta, I\u00f1aki Askunce, Jonathan Hurtado, Alonso Mart\u00ednez, Carlos Rossi, Ulrich Calvo, Iv\u00e1n San Miguel, Jos\u00e9 Barrios, Mauro Urriza etc. Durante estos a\u00f1os es miembro de la Big Band del Conservatorio Superior, grupos de jazz, ska, soul, electro reggae etc. De esta manera, tambi\u00e9n ha participado en numerosos Seminarios de jazz con artistas de prestigio Internacional como Bob Sands, Ron Van Stratum, Marshall Gilkes, Chris Kase, Jorge Pardo y Kurt Weiss.<\/p>\n<p><u>KEKE MART\u00cdN. CONTRABAJO.<\/u><\/p>\n<p>Jos\u00e9 Lu\u00eds Martin \u201cKeke\u201d se inicia en la m\u00fasica a los 14 a\u00f1os de forma autodidacta, en 2001 estudia contrabajo con Enrique Tejado en el C.O.M. De Almendralejo, su ciudad natal, donde tambi\u00e9n realiza el Grado Profesional de bajo el\u00e9ctrico. Licenciado en Jazz por la Universidade de \u00c9vora, ha acompa\u00f1ado a m\u00fasicos como Victor Marin\u00e3s, Gecko Turner o John Lee Sanders asi como en varios proyectos; \u00c9vora Cool Project, Pepe Olmedo Quartet, Javi Alc\u00e1ntara Group, The Monk Project, Abdu Salim Quartet, .tambi\u00e9n desempe\u00f1ar\u00e1 su labor como m\u00fasico y compositor en diferentes obras de teatro con la compa\u00f1\u00eda Samarkanda, realizando giras por Am\u00e9rica y Europa. Ha realizado seminarios con Gonzalo Tejada, Z\u00e9 Eduardo, Eivnd Opsvik, Joe Martin, Hans Glawischnig, Javier Colina. Gerald Cannon y Ben Monder entre otros.<\/p>\n<p>Desde 2014 es profesor en el Instituto de Jazz y M\u00fasica Moderna de Extremadura donde imparte aulas de Contrabajo\/Bajo El\u00e9ctrico, Guitarra, Armon\u00eda y Combo y participa activamente en diferentes formaciones con m\u00fasicos de la regi\u00f3n como Gene Garc\u00eda &amp; The Moochers, Iv\u00e1n San Juan Quartet o Pedro Calero Trio.<\/p>\n<p>Actualmente cursa estudios de contrabajo jazz en el Conservatorio del Liceu y es integrante de diversos proyectos; Ismael Cabaleiro Quintet, Andre Dom\u00e9nech Quintet, Emanuel Sonka Ensemble, entre otros.<\/p>\n<\/div>\n","protected":false},"excerpt":{"rendered":"<p>Esta formaci\u00f3n se nutre del repertorio de standards de jazz americano de todas las \u00e9pocas as\u00ed como de algunos temas de The beatles, Paul McCartney, Eric Clapton o King Crimsom llevados al terreno y la sonoridad del cuarteto de jazz. A continuaci\u00f3n os dejamos informaci\u00f3n sobre los integrantes de este grupo y su trayectoria: RAFA [&hellip;]<\/p>\n","protected":false},"author":23,"featured_media":10588,"comment_status":"open","ping_status":"open","sticky":false,"template":"","format":"standard","meta":{"footnotes":""},"categories":[27,53,68],"tags":[],"class_list":{"0":"post-10587","1":"post","2":"type-post","3":"status-publish","4":"format-standard","5":"has-post-thumbnail","7":"category-actualidad","8":"category-citas-y-eventos","9":"category-mancomunidad"},"_links":{"self":[{"href":"https:\/\/www.mancomunidaddetentudia.com\/portal\/wp-json\/wp\/v2\/posts\/10587","targetHints":{"allow":["GET"]}}],"collection":[{"href":"https:\/\/www.mancomunidaddetentudia.com\/portal\/wp-json\/wp\/v2\/posts"}],"about":[{"href":"https:\/\/www.mancomunidaddetentudia.com\/portal\/wp-json\/wp\/v2\/types\/post"}],"author":[{"embeddable":true,"href":"https:\/\/www.mancomunidaddetentudia.com\/portal\/wp-json\/wp\/v2\/users\/23"}],"replies":[{"embeddable":true,"href":"https:\/\/www.mancomunidaddetentudia.com\/portal\/wp-json\/wp\/v2\/comments?post=10587"}],"version-history":[{"count":1,"href":"https:\/\/www.mancomunidaddetentudia.com\/portal\/wp-json\/wp\/v2\/posts\/10587\/revisions"}],"predecessor-version":[{"id":10589,"href":"https:\/\/www.mancomunidaddetentudia.com\/portal\/wp-json\/wp\/v2\/posts\/10587\/revisions\/10589"}],"wp:featuredmedia":[{"embeddable":true,"href":"https:\/\/www.mancomunidaddetentudia.com\/portal\/wp-json\/wp\/v2\/media\/10588"}],"wp:attachment":[{"href":"https:\/\/www.mancomunidaddetentudia.com\/portal\/wp-json\/wp\/v2\/media?parent=10587"}],"wp:term":[{"taxonomy":"category","embeddable":true,"href":"https:\/\/www.mancomunidaddetentudia.com\/portal\/wp-json\/wp\/v2\/categories?post=10587"},{"taxonomy":"post_tag","embeddable":true,"href":"https:\/\/www.mancomunidaddetentudia.com\/portal\/wp-json\/wp\/v2\/tags?post=10587"}],"curies":[{"name":"wp","href":"https:\/\/api.w.org\/{rel}","templated":true}]}}