{"id":10593,"date":"2018-07-24T11:56:32","date_gmt":"2018-07-24T10:56:32","guid":{"rendered":"http:\/\/www.mancomunidaddetentudia.com\/portal\/?p=10593"},"modified":"2018-07-24T11:56:32","modified_gmt":"2018-07-24T10:56:32","slug":"informacion-sobre-autobus-vestimenta-y-acceso-a-la-muestra-gastro-star-2","status":"publish","type":"post","link":"https:\/\/www.mancomunidaddetentudia.com\/portal\/informacion-sobre-autobus-vestimenta-y-acceso-a-la-muestra-gastro-star-2\/","title":{"rendered":"INFORMACI\u00d3N SOBRE AUTOB\u00daS, VESTIMENTA Y ACCESO A LA MUESTRA GASTRO STAR"},"content":{"rendered":"<p>Desde la Mancomunidad de Tentud\u00eda deseamos que todas aquellas personas, que han decidido acompa\u00f1arnos para disfrutar de la <em>II Muestra GastroStar<\/em> en el Monasterio de Tentud\u00eda el 28 de julio, puedan acceder sin ning\u00fan tipo de contratiempo al lugar del evento y una vez all\u00ed vivir con toda intensidad estas horas inolvidables.<\/p>\n<p>Por ello les informamos que entre el jueves y el viernes se les comunicar\u00e1 a los asistentes que hayan reservado previamente su plaza, <strong>hora y punto de salida del autob\u00fas<\/strong> que los trasladar\u00e1 de manera gratuita desde su localidad al Monasterio, y una vez finalizado el evento, los devolver\u00e1 a su punto de origen. Esta informaci\u00f3n se comunicar\u00e1 por tel\u00e9fono y tambi\u00e9n se publicar\u00e1 en la web <a href=\"http:\/\/www.gastrostartentudia.com\">www.gastrostartentudia.com<\/a>.<\/p>\n<p>Respecto a la <strong>vestimenta<\/strong>, no ser\u00e1 necesario ir de etiqueta, aunque recomendamos que la misma vaya acorde con el acto que se va a celebrar. Estamos seguros de que sabr\u00e1n ser elegantes y distinguidos, como corresponde a la cita, una cena con estrellas, nada menos.<\/p>\n<p>Les recordamos que el evento tendr\u00e1 lugar en el punto m\u00e1s elevado de la provincia de Badajoz, a m\u00e1s de 1.000 metros de altura, y la temperatura prevista durante las horas de celebraci\u00f3n del evento estar\u00e1 en torno a los <strong>13\u00ba-15\u00ba<\/strong>, por lo que aconsejamos llevar una <strong>prenda de abrigo<\/strong>, la cual podr\u00e1n depositar si lo desean en el guardarropa gratuito que pondremos a su disposici\u00f3n.<\/p>\n<p>Finalmente, insistir en que deben llevar su <strong>entrada o email de confirmaci\u00f3n<\/strong> (PDF con c\u00f3digo QR) para acceder al recinto. Por favor, no lo olviden.<\/p>\n","protected":false},"excerpt":{"rendered":"<p>Desde la Mancomunidad de Tentud\u00eda deseamos que todas aquellas personas, que han decidido acompa\u00f1arnos para disfrutar de la II Muestra GastroStar en el Monasterio de Tentud\u00eda el 28 de julio, puedan acceder sin ning\u00fan tipo de contratiempo al lugar del evento y una vez all\u00ed vivir con toda intensidad estas horas inolvidables. Por ello les [&hellip;]<\/p>\n","protected":false},"author":23,"featured_media":10594,"comment_status":"open","ping_status":"open","sticky":false,"template":"","format":"standard","meta":{"footnotes":""},"categories":[27,53,37,68],"tags":[],"class_list":{"0":"post-10593","1":"post","2":"type-post","3":"status-publish","4":"format-standard","5":"has-post-thumbnail","7":"category-actualidad","8":"category-citas-y-eventos","9":"category-destacados","10":"category-mancomunidad"},"_links":{"self":[{"href":"https:\/\/www.mancomunidaddetentudia.com\/portal\/wp-json\/wp\/v2\/posts\/10593","targetHints":{"allow":["GET"]}}],"collection":[{"href":"https:\/\/www.mancomunidaddetentudia.com\/portal\/wp-json\/wp\/v2\/posts"}],"about":[{"href":"https:\/\/www.mancomunidaddetentudia.com\/portal\/wp-json\/wp\/v2\/types\/post"}],"author":[{"embeddable":true,"href":"https:\/\/www.mancomunidaddetentudia.com\/portal\/wp-json\/wp\/v2\/users\/23"}],"replies":[{"embeddable":true,"href":"https:\/\/www.mancomunidaddetentudia.com\/portal\/wp-json\/wp\/v2\/comments?post=10593"}],"version-history":[{"count":1,"href":"https:\/\/www.mancomunidaddetentudia.com\/portal\/wp-json\/wp\/v2\/posts\/10593\/revisions"}],"predecessor-version":[{"id":10595,"href":"https:\/\/www.mancomunidaddetentudia.com\/portal\/wp-json\/wp\/v2\/posts\/10593\/revisions\/10595"}],"wp:featuredmedia":[{"embeddable":true,"href":"https:\/\/www.mancomunidaddetentudia.com\/portal\/wp-json\/wp\/v2\/media\/10594"}],"wp:attachment":[{"href":"https:\/\/www.mancomunidaddetentudia.com\/portal\/wp-json\/wp\/v2\/media?parent=10593"}],"wp:term":[{"taxonomy":"category","embeddable":true,"href":"https:\/\/www.mancomunidaddetentudia.com\/portal\/wp-json\/wp\/v2\/categories?post=10593"},{"taxonomy":"post_tag","embeddable":true,"href":"https:\/\/www.mancomunidaddetentudia.com\/portal\/wp-json\/wp\/v2\/tags?post=10593"}],"curies":[{"name":"wp","href":"https:\/\/api.w.org\/{rel}","templated":true}]}}