{"id":10624,"date":"2018-10-08T10:13:13","date_gmt":"2018-10-08T09:13:13","guid":{"rendered":"http:\/\/www.mancomunidaddetentudia.com\/portal\/?p=10624"},"modified":"2018-10-08T10:13:13","modified_gmt":"2018-10-08T09:13:13","slug":"la-mancomunidad-de-tentudia-celebro-el-pasado-viernes-las-jornadas-de-promocion-turistica-de-la-comarca-de-tentudia","status":"publish","type":"post","link":"https:\/\/www.mancomunidaddetentudia.com\/portal\/la-mancomunidad-de-tentudia-celebro-el-pasado-viernes-las-jornadas-de-promocion-turistica-de-la-comarca-de-tentudia\/","title":{"rendered":"LA MANCOMUNIDAD DE TENTUD\u00cdA CELEBR\u00d3 EL PASADO VIERNES LAS \u00abJORNADAS DE PROMOCI\u00d3N TUR\u00cdSTICA DE LA COMARCA DE TENTUD\u00cdA\u00bb"},"content":{"rendered":"<p>Las Jornadas, que tuvieron lugar en el CID Tentud\u00eda, arrancaron con la inauguraci\u00f3n a cargo de Antonio Garrote, Alcalde de Monesterio, y Mercedes D\u00edaz Ba\u00f1os, Presidenta de la Mancomunidad.<\/p>\n<p><a href=\"http:\/\/www.mancomunidaddetentudia.com\/portal\/wp-content\/uploads\/2018\/10\/IMG_20181005_093717.jpg\"><img loading=\"lazy\" decoding=\"async\" class=\"aligncenter wp-image-10625 size-medium\" src=\"http:\/\/www.mancomunidaddetentudia.com\/portal\/wp-content\/uploads\/2018\/10\/IMG_20181005_093717-300x168.jpg\" alt=\"\" width=\"300\" height=\"168\" srcset=\"https:\/\/www.mancomunidaddetentudia.com\/portal\/wp-content\/uploads\/2018\/10\/IMG_20181005_093717-300x168.jpg 300w, https:\/\/www.mancomunidaddetentudia.com\/portal\/wp-content\/uploads\/2018\/10\/IMG_20181005_093717-768x431.jpg 768w, https:\/\/www.mancomunidaddetentudia.com\/portal\/wp-content\/uploads\/2018\/10\/IMG_20181005_093717-1024x575.jpg 1024w, https:\/\/www.mancomunidaddetentudia.com\/portal\/wp-content\/uploads\/2018\/10\/IMG_20181005_093717-696x391.jpg 696w, https:\/\/www.mancomunidaddetentudia.com\/portal\/wp-content\/uploads\/2018\/10\/IMG_20181005_093717-1068x600.jpg 1068w, https:\/\/www.mancomunidaddetentudia.com\/portal\/wp-content\/uploads\/2018\/10\/IMG_20181005_093717-748x420.jpg 748w\" sizes=\"auto, (max-width: 300px) 100vw, 300px\" \/><\/a><\/p>\n<p>A continuaci\u00f3n se presentaron las actividades previstas por parte de la Mancomunidad de cara a la programaci\u00f3n de oto\u00f1o, as\u00ed como el Proyecto de Se\u00f1alizaci\u00f3n Tur\u00edstica <span class=\"text_exposed_show\">que se iniciar\u00e1 en breve.<\/span><\/p>\n<p><a href=\"http:\/\/www.mancomunidaddetentudia.com\/portal\/wp-content\/uploads\/2018\/10\/IMG_20181005_100429.jpg\"><img loading=\"lazy\" decoding=\"async\" class=\"aligncenter wp-image-10627 size-medium\" src=\"http:\/\/www.mancomunidaddetentudia.com\/portal\/wp-content\/uploads\/2018\/10\/IMG_20181005_100429-300x168.jpg\" alt=\"\" width=\"300\" height=\"168\" srcset=\"https:\/\/www.mancomunidaddetentudia.com\/portal\/wp-content\/uploads\/2018\/10\/IMG_20181005_100429-300x168.jpg 300w, https:\/\/www.mancomunidaddetentudia.com\/portal\/wp-content\/uploads\/2018\/10\/IMG_20181005_100429-768x431.jpg 768w, https:\/\/www.mancomunidaddetentudia.com\/portal\/wp-content\/uploads\/2018\/10\/IMG_20181005_100429-1024x575.jpg 1024w, https:\/\/www.mancomunidaddetentudia.com\/portal\/wp-content\/uploads\/2018\/10\/IMG_20181005_100429-696x391.jpg 696w, https:\/\/www.mancomunidaddetentudia.com\/portal\/wp-content\/uploads\/2018\/10\/IMG_20181005_100429-1068x600.jpg 1068w, https:\/\/www.mancomunidaddetentudia.com\/portal\/wp-content\/uploads\/2018\/10\/IMG_20181005_100429-748x420.jpg 748w\" sizes=\"auto, (max-width: 300px) 100vw, 300px\" \/><\/a><\/p>\n<div class=\"text_exposed_show\">\n<p>Entre las restantes intervenciones, cabe mencionar la charla sobre el \u00abImpacto de los blogs en la promoci\u00f3n tur\u00edstica de un destino, a cargo del periodista y professional travel blogger Jos\u00e9 Pablo Garc\u00eda; la presentaci\u00f3n del portal \u00abTentud\u00eda Turismo\u00bb llevada a cabo por los alumnos de la Escuela Profesional Tentud\u00eda Tur\u00edstica, as\u00ed como la presentaci\u00f3n del Programa de dinamizaci\u00f3n tur\u00edstica \u00abOto\u00f1o en Tentud\u00eda\u00bb por parte del Patronato de Turismo y Tauromaquia de la Diputaci\u00f3n de Badajoz.<\/p>\n<p><a href=\"http:\/\/www.mancomunidaddetentudia.com\/portal\/wp-content\/uploads\/2018\/10\/IMG_20181005_100414.jpg\"><img loading=\"lazy\" decoding=\"async\" class=\"aligncenter wp-image-10626 size-medium\" src=\"http:\/\/www.mancomunidaddetentudia.com\/portal\/wp-content\/uploads\/2018\/10\/IMG_20181005_100414-300x168.jpg\" alt=\"\" width=\"300\" height=\"168\" srcset=\"https:\/\/www.mancomunidaddetentudia.com\/portal\/wp-content\/uploads\/2018\/10\/IMG_20181005_100414-300x168.jpg 300w, https:\/\/www.mancomunidaddetentudia.com\/portal\/wp-content\/uploads\/2018\/10\/IMG_20181005_100414-768x431.jpg 768w, https:\/\/www.mancomunidaddetentudia.com\/portal\/wp-content\/uploads\/2018\/10\/IMG_20181005_100414-1024x575.jpg 1024w, https:\/\/www.mancomunidaddetentudia.com\/portal\/wp-content\/uploads\/2018\/10\/IMG_20181005_100414-696x391.jpg 696w, https:\/\/www.mancomunidaddetentudia.com\/portal\/wp-content\/uploads\/2018\/10\/IMG_20181005_100414-1068x600.jpg 1068w, https:\/\/www.mancomunidaddetentudia.com\/portal\/wp-content\/uploads\/2018\/10\/IMG_20181005_100414-748x420.jpg 748w\" sizes=\"auto, (max-width: 300px) 100vw, 300px\" \/><\/a><\/p>\n<p>Estas jornadas fueron clausuradas por el Director General de Turismo de la Junta de Extremadura, Francisco Mart\u00edn Sim\u00f3n, que a su vez pas\u00f3 a inaugurar las instalaciones de formaci\u00f3n profesional que la Mancomunidad ha construido en la antigua ETAP, junto a la presa del Embalse de Tentud\u00eda.<\/p>\n<\/div>\n","protected":false},"excerpt":{"rendered":"<p>Las Jornadas, que tuvieron lugar en el CID Tentud\u00eda, arrancaron con la inauguraci\u00f3n a cargo de Antonio Garrote, Alcalde de Monesterio, y Mercedes D\u00edaz Ba\u00f1os, Presidenta de la Mancomunidad. A continuaci\u00f3n se presentaron las actividades previstas por parte de la Mancomunidad de cara a la programaci\u00f3n de oto\u00f1o, as\u00ed como el Proyecto de Se\u00f1alizaci\u00f3n Tur\u00edstica [&hellip;]<\/p>\n","protected":false},"author":23,"featured_media":10628,"comment_status":"open","ping_status":"open","sticky":false,"template":"","format":"standard","meta":{"footnotes":""},"categories":[27,68,23],"tags":[],"class_list":{"0":"post-10624","1":"post","2":"type-post","3":"status-publish","4":"format-standard","5":"has-post-thumbnail","7":"category-actualidad","8":"category-mancomunidad","9":"category-notas-de-prensa"},"_links":{"self":[{"href":"https:\/\/www.mancomunidaddetentudia.com\/portal\/wp-json\/wp\/v2\/posts\/10624","targetHints":{"allow":["GET"]}}],"collection":[{"href":"https:\/\/www.mancomunidaddetentudia.com\/portal\/wp-json\/wp\/v2\/posts"}],"about":[{"href":"https:\/\/www.mancomunidaddetentudia.com\/portal\/wp-json\/wp\/v2\/types\/post"}],"author":[{"embeddable":true,"href":"https:\/\/www.mancomunidaddetentudia.com\/portal\/wp-json\/wp\/v2\/users\/23"}],"replies":[{"embeddable":true,"href":"https:\/\/www.mancomunidaddetentudia.com\/portal\/wp-json\/wp\/v2\/comments?post=10624"}],"version-history":[{"count":1,"href":"https:\/\/www.mancomunidaddetentudia.com\/portal\/wp-json\/wp\/v2\/posts\/10624\/revisions"}],"predecessor-version":[{"id":10629,"href":"https:\/\/www.mancomunidaddetentudia.com\/portal\/wp-json\/wp\/v2\/posts\/10624\/revisions\/10629"}],"wp:featuredmedia":[{"embeddable":true,"href":"https:\/\/www.mancomunidaddetentudia.com\/portal\/wp-json\/wp\/v2\/media\/10628"}],"wp:attachment":[{"href":"https:\/\/www.mancomunidaddetentudia.com\/portal\/wp-json\/wp\/v2\/media?parent=10624"}],"wp:term":[{"taxonomy":"category","embeddable":true,"href":"https:\/\/www.mancomunidaddetentudia.com\/portal\/wp-json\/wp\/v2\/categories?post=10624"},{"taxonomy":"post_tag","embeddable":true,"href":"https:\/\/www.mancomunidaddetentudia.com\/portal\/wp-json\/wp\/v2\/tags?post=10624"}],"curies":[{"name":"wp","href":"https:\/\/api.w.org\/{rel}","templated":true}]}}