{"id":10651,"date":"2018-10-15T11:22:07","date_gmt":"2018-10-15T10:22:07","guid":{"rendered":"http:\/\/www.mancomunidaddetentudia.com\/portal\/?p=10651"},"modified":"2018-10-15T11:22:07","modified_gmt":"2018-10-15T10:22:07","slug":"la-direccion-general-de-salud-publica-a-traves-de-la-secretaria-tecnica-de-drogodependencias-y-hazcunde-llevan-a-cabo-el-tercer-curso-de-formacion-de-formadores-del-programa-nacional-de-prevencion-d","status":"publish","type":"post","link":"https:\/\/www.mancomunidaddetentudia.com\/portal\/la-direccion-general-de-salud-publica-a-traves-de-la-secretaria-tecnica-de-drogodependencias-y-hazcunde-llevan-a-cabo-el-tercer-curso-de-formacion-de-formadores-del-programa-nacional-de-prevencion-d\/","title":{"rendered":"LA DIRECCI\u00d3N GENERAL DE SALUD P\u00daBLICA, A TRAV\u00c9S DE LA SECRETARIA T\u00c9CNICA DE DROGODEPENDENCIAS Y HAZCUNDE, LLEVAN A CABO EL TERCER CURSO DE FORMACI\u00d3N DE FORMADORES DEL PROGRAMA NACIONAL DE PREVENCI\u00d3N DE LAS DROGODEPENDENCIAS EN EL SECTOR HOSTELERO \u00abSERVICIO RESPONSABLE\u00bb"},"content":{"rendered":"<p>Durante los d\u00edas 8, 9 y 10 de octubre se ha celebrado el curso de Formaci\u00f3n de Formadores del Programa \u00abServicio Responsable\u00bb en la Escuela Superior de Hosteler\u00eda y Agroturismo de Extremadura, dirigido a los t\u00e9cnicos en Prevenci\u00f3n de conductas adictivas de las Mancomunidades de Extremadura.<\/p>\n<p>En dicha formaci\u00f3n han participado 8 t\u00e9cnicos y t\u00e9cnicas en Drogodependencias de 8 Mancomunidades extreme\u00f1as, entre ellas la t\u00e9cnico de la Mancomunidad de Tentudia, Isabel Rodr\u00edguez Garc\u00eda.<\/p>\n<p style=\"text-align: center;\"><a href=\"http:\/\/www.mancomunidaddetentudia.com\/portal\/wp-content\/uploads\/2018\/10\/FOTO-1-1.jpg\"><img loading=\"lazy\" decoding=\"async\" class=\"alignnone wp-image-10653 size-medium\" src=\"http:\/\/www.mancomunidaddetentudia.com\/portal\/wp-content\/uploads\/2018\/10\/FOTO-1-1-300x225.jpg\" alt=\"\" width=\"300\" height=\"225\" srcset=\"https:\/\/www.mancomunidaddetentudia.com\/portal\/wp-content\/uploads\/2018\/10\/FOTO-1-1-300x225.jpg 300w, https:\/\/www.mancomunidaddetentudia.com\/portal\/wp-content\/uploads\/2018\/10\/FOTO-1-1-80x60.jpg 80w, https:\/\/www.mancomunidaddetentudia.com\/portal\/wp-content\/uploads\/2018\/10\/FOTO-1-1-265x198.jpg 265w, https:\/\/www.mancomunidaddetentudia.com\/portal\/wp-content\/uploads\/2018\/10\/FOTO-1-1-560x420.jpg 560w, https:\/\/www.mancomunidaddetentudia.com\/portal\/wp-content\/uploads\/2018\/10\/FOTO-1-1.jpg 640w\" sizes=\"auto, (max-width: 300px) 100vw, 300px\" \/><\/a><\/p>\n<p>A trav\u00e9s de esta acci\u00f3n formativa, se ha capacitado a los t\u00e9cnicos y t\u00e9cnicas para formar e implicar a los y las profesionales del sector hostelero en la prevenci\u00f3n y reducci\u00f3n de los problemas asociados al consumo de alcohol y otras drogas.<\/p>\n","protected":false},"excerpt":{"rendered":"<p>Durante los d\u00edas 8, 9 y 10 de octubre se ha celebrado el curso de Formaci\u00f3n de Formadores del Programa \u00abServicio Responsable\u00bb en la Escuela Superior de Hosteler\u00eda y Agroturismo de Extremadura, dirigido a los t\u00e9cnicos en Prevenci\u00f3n de conductas adictivas de las Mancomunidades de Extremadura. En dicha formaci\u00f3n han participado 8 t\u00e9cnicos y t\u00e9cnicas [&hellip;]<\/p>\n","protected":false},"author":23,"featured_media":10652,"comment_status":"open","ping_status":"open","sticky":false,"template":"","format":"standard","meta":{"footnotes":""},"categories":[27,68,23],"tags":[],"class_list":{"0":"post-10651","1":"post","2":"type-post","3":"status-publish","4":"format-standard","5":"has-post-thumbnail","7":"category-actualidad","8":"category-mancomunidad","9":"category-notas-de-prensa"},"_links":{"self":[{"href":"https:\/\/www.mancomunidaddetentudia.com\/portal\/wp-json\/wp\/v2\/posts\/10651","targetHints":{"allow":["GET"]}}],"collection":[{"href":"https:\/\/www.mancomunidaddetentudia.com\/portal\/wp-json\/wp\/v2\/posts"}],"about":[{"href":"https:\/\/www.mancomunidaddetentudia.com\/portal\/wp-json\/wp\/v2\/types\/post"}],"author":[{"embeddable":true,"href":"https:\/\/www.mancomunidaddetentudia.com\/portal\/wp-json\/wp\/v2\/users\/23"}],"replies":[{"embeddable":true,"href":"https:\/\/www.mancomunidaddetentudia.com\/portal\/wp-json\/wp\/v2\/comments?post=10651"}],"version-history":[{"count":1,"href":"https:\/\/www.mancomunidaddetentudia.com\/portal\/wp-json\/wp\/v2\/posts\/10651\/revisions"}],"predecessor-version":[{"id":10654,"href":"https:\/\/www.mancomunidaddetentudia.com\/portal\/wp-json\/wp\/v2\/posts\/10651\/revisions\/10654"}],"wp:featuredmedia":[{"embeddable":true,"href":"https:\/\/www.mancomunidaddetentudia.com\/portal\/wp-json\/wp\/v2\/media\/10652"}],"wp:attachment":[{"href":"https:\/\/www.mancomunidaddetentudia.com\/portal\/wp-json\/wp\/v2\/media?parent=10651"}],"wp:term":[{"taxonomy":"category","embeddable":true,"href":"https:\/\/www.mancomunidaddetentudia.com\/portal\/wp-json\/wp\/v2\/categories?post=10651"},{"taxonomy":"post_tag","embeddable":true,"href":"https:\/\/www.mancomunidaddetentudia.com\/portal\/wp-json\/wp\/v2\/tags?post=10651"}],"curies":[{"name":"wp","href":"https:\/\/api.w.org\/{rel}","templated":true}]}}