{"id":10660,"date":"2018-10-24T10:57:37","date_gmt":"2018-10-24T09:57:37","guid":{"rendered":"http:\/\/www.mancomunidaddetentudia.com\/portal\/?p=10660"},"modified":"2018-10-24T11:06:05","modified_gmt":"2018-10-24T10:06:05","slug":"plan-contra-la-violencia-de-genero-de-segura-de-leon","status":"publish","type":"post","link":"https:\/\/www.mancomunidaddetentudia.com\/portal\/plan-contra-la-violencia-de-genero-de-segura-de-leon\/","title":{"rendered":"PLAN CONTRA LA VIOLENCIA DE G\u00c9NERO DE SEGURA DE LE\u00d3N"},"content":{"rendered":"<p style=\"text-align: justify;\">El Ayuntamiento de Segura de Le\u00f3n, a trav\u00e9s de la Diputaci\u00f3n de Badajoz, est\u00e1 elaborando un Plan Municipal contra la violencia de g\u00e9nero.<\/p>\n<p style=\"text-align: justify;\">La Oficina de igualdad y violencia de g\u00e9nero de la Mancomunidad de Tentud\u00eda est\u00e1 participando activamente en el proceso de elaboraci\u00f3n del Plan, como entidad referente comarcal en la materia.<\/p>\n<p style=\"text-align: justify;\">El Plan, es \u00a0un documento que tiene por finalidad ser el marco de referencia que gu\u00ede la actuaci\u00f3n municipal contra la violencia hacia las mujeres, persiguiendo su erradicaci\u00f3n, el apoyo a las v\u00edctimas, a su entorno y la condena a los agresores.<\/p>\n<p>Los objetivos generales son:<\/p>\n<ul>\n<li style=\"text-align: justify;\">Prevenir la violencia de g\u00e9nero y otras violencias contra las mujeres, promoviendo una sociedad local basada en la igualdad de oportunidades, en la que no tenga cabida la violencia contra las mujeres, fomentando la implicaci\u00f3n activa de la ciudadan\u00eda y rompiendo con el silencio c\u00f3mplice del maltrato.<\/li>\n<li style=\"text-align: justify;\">Fomentar el desarrollo de las personas v\u00edctimas de violencia de g\u00e9nero o con riesgo de serlo, llevando a cabo medidas y actuaciones que permitan prestar apoyo integral promoviendo su autonom\u00eda personal y social, prestando especial atenci\u00f3n a los\/las menores y a las mujeres especialmente vulnerables.<\/li>\n<li style=\"text-align: justify;\">Optimizar los recursos existentes contra la violencia de g\u00e9nero y garantizar su m\u00e1xima eficacia y eficiencia, a trav\u00e9s de la coordinaci\u00f3n y colaboraci\u00f3n entre las actuaciones de las diferentes entidades p\u00fablicas y organizaciones sociales que trabajan a favor de la igualdad de oportunidades y en contra de la violencia de g\u00e9nero.<\/li>\n<\/ul>\n<p><strong><u>\u00c1reas de intervenci\u00f3n<\/u><\/strong>:<\/p>\n<ul>\n<li>Prevenci\u00f3n, sensibilizaci\u00f3n y formaci\u00f3n<\/li>\n<li>Detecci\u00f3n y atenci\u00f3n integral<\/li>\n<li>Colaboraci\u00f3n institucional<\/li>\n<\/ul>\n<p style=\"text-align: justify;\">Actualmente se encuentra en la fase de <strong>diagn\u00f3stico<\/strong>\u00a0 y al mismo tiempo\u00a0 difusi\u00f3n a la ciudadan\u00eda, personal t\u00e9cnico y pol\u00edtico del municipio, del compromiso con la igualdad y contra la violencia de g\u00e9nero del Ayuntamiento de Segura de Le\u00f3n.<\/p>\n<p><a href=\"http:\/\/www.mancomunidaddetentudia.com\/portal\/wp-content\/uploads\/2018\/10\/Reuni\u00f3n-Rita-polic\u00eda-local-OI-octubre-2.jpg\"><img loading=\"lazy\" decoding=\"async\" class=\"aligncenter wp-image-10663 size-medium\" src=\"http:\/\/www.mancomunidaddetentudia.com\/portal\/wp-content\/uploads\/2018\/10\/Reuni\u00f3n-Rita-polic\u00eda-local-OI-octubre-2-300x225.jpg\" alt=\"\" width=\"300\" height=\"225\" srcset=\"https:\/\/www.mancomunidaddetentudia.com\/portal\/wp-content\/uploads\/2018\/10\/Reuni\u00f3n-Rita-polic\u00eda-local-OI-octubre-2-300x225.jpg 300w, https:\/\/www.mancomunidaddetentudia.com\/portal\/wp-content\/uploads\/2018\/10\/Reuni\u00f3n-Rita-polic\u00eda-local-OI-octubre-2-768x576.jpg 768w, https:\/\/www.mancomunidaddetentudia.com\/portal\/wp-content\/uploads\/2018\/10\/Reuni\u00f3n-Rita-polic\u00eda-local-OI-octubre-2-80x60.jpg 80w, https:\/\/www.mancomunidaddetentudia.com\/portal\/wp-content\/uploads\/2018\/10\/Reuni\u00f3n-Rita-polic\u00eda-local-OI-octubre-2-265x198.jpg 265w, https:\/\/www.mancomunidaddetentudia.com\/portal\/wp-content\/uploads\/2018\/10\/Reuni\u00f3n-Rita-polic\u00eda-local-OI-octubre-2-696x522.jpg 696w, https:\/\/www.mancomunidaddetentudia.com\/portal\/wp-content\/uploads\/2018\/10\/Reuni\u00f3n-Rita-polic\u00eda-local-OI-octubre-2.jpg 773w, https:\/\/www.mancomunidaddetentudia.com\/portal\/wp-content\/uploads\/2018\/10\/Reuni\u00f3n-Rita-polic\u00eda-local-OI-octubre-2-560x420.jpg 560w\" sizes=\"auto, (max-width: 300px) 100vw, 300px\" \/><\/a><\/p>\n<p style=\"text-align: justify;\">Posteriormente se crear\u00e1 una <strong>Comisi\u00f3n Transversal de igualdad<\/strong> que estar\u00e1 formada por personal t\u00e9cnico del Ayuntamiento y de programas mancomunados, pol\u00edtico, Oficina de igualdad y violencia de g\u00e9nero de la Mancomunidad de Tentud\u00eda, sociedad civil (una asociaci\u00f3n local) y \u00a0ser\u00e1 presidida por el alcalde.\u00a0 \u00c9sta Comisi\u00f3n evaluar\u00e1 el desarrollo, resultados e impacto del Plan durante su vigencia, adem\u00e1s del seguimiento del mismo; del mismo modo, elaborar\u00e1 planes y programas relacionados con la Igualdad de g\u00e9nero y la prevenci\u00f3n de la violencia hacia las mujeres y las ni\u00f1as.<\/p>\n<p style=\"text-align: justify;\">Paralelamente llega la fase del Proceso participativo donde se crear\u00e1 un <strong>Grupo de trabajo<\/strong> en el que podr\u00e1 participar cualquier\u00a0 persona interesada.\u00a0 A continuaci\u00f3n se obtendr\u00e1 un diagn\u00f3stico del municipio en cuanto a violencia de g\u00e9nero y\u00a0 una propuesta del Plan que abarcar\u00e1 el per\u00edodo 2018-2021.<\/p>\n<p>En el siguiente enlace podr\u00e1 acceder al bando publicado por el Ayuntamiento: <a href=\"http:\/\/www.mancomunidaddetentudia.com\/portal\/wp-content\/uploads\/2018\/10\/20181017_BANDO-VIOLENCIA-DE-G\u00c9NERO.pdf\">20181017_BANDO VIOLENCIA DE G\u00c9NERO<\/a><\/p>\n","protected":false},"excerpt":{"rendered":"<p>El Ayuntamiento de Segura de Le\u00f3n, a trav\u00e9s de la Diputaci\u00f3n de Badajoz, est\u00e1 elaborando un Plan Municipal contra la violencia de g\u00e9nero. La Oficina de igualdad y violencia de g\u00e9nero de la Mancomunidad de Tentud\u00eda est\u00e1 participando activamente en el proceso de elaboraci\u00f3n del Plan, como entidad referente comarcal en la materia. El Plan, [&hellip;]<\/p>\n","protected":false},"author":23,"featured_media":10662,"comment_status":"open","ping_status":"open","sticky":false,"template":"","format":"standard","meta":{"footnotes":""},"categories":[27,43],"tags":[],"class_list":{"0":"post-10660","1":"post","2":"type-post","3":"status-publish","4":"format-standard","5":"has-post-thumbnail","7":"category-actualidad","8":"category-igualdad"},"_links":{"self":[{"href":"https:\/\/www.mancomunidaddetentudia.com\/portal\/wp-json\/wp\/v2\/posts\/10660","targetHints":{"allow":["GET"]}}],"collection":[{"href":"https:\/\/www.mancomunidaddetentudia.com\/portal\/wp-json\/wp\/v2\/posts"}],"about":[{"href":"https:\/\/www.mancomunidaddetentudia.com\/portal\/wp-json\/wp\/v2\/types\/post"}],"author":[{"embeddable":true,"href":"https:\/\/www.mancomunidaddetentudia.com\/portal\/wp-json\/wp\/v2\/users\/23"}],"replies":[{"embeddable":true,"href":"https:\/\/www.mancomunidaddetentudia.com\/portal\/wp-json\/wp\/v2\/comments?post=10660"}],"version-history":[{"count":3,"href":"https:\/\/www.mancomunidaddetentudia.com\/portal\/wp-json\/wp\/v2\/posts\/10660\/revisions"}],"predecessor-version":[{"id":10666,"href":"https:\/\/www.mancomunidaddetentudia.com\/portal\/wp-json\/wp\/v2\/posts\/10660\/revisions\/10666"}],"wp:featuredmedia":[{"embeddable":true,"href":"https:\/\/www.mancomunidaddetentudia.com\/portal\/wp-json\/wp\/v2\/media\/10662"}],"wp:attachment":[{"href":"https:\/\/www.mancomunidaddetentudia.com\/portal\/wp-json\/wp\/v2\/media?parent=10660"}],"wp:term":[{"taxonomy":"category","embeddable":true,"href":"https:\/\/www.mancomunidaddetentudia.com\/portal\/wp-json\/wp\/v2\/categories?post=10660"},{"taxonomy":"post_tag","embeddable":true,"href":"https:\/\/www.mancomunidaddetentudia.com\/portal\/wp-json\/wp\/v2\/tags?post=10660"}],"curies":[{"name":"wp","href":"https:\/\/api.w.org\/{rel}","templated":true}]}}