{"id":10685,"date":"2018-11-14T12:32:46","date_gmt":"2018-11-14T11:32:46","guid":{"rendered":"http:\/\/www.mancomunidaddetentudia.com\/portal\/?p=10685"},"modified":"2018-11-14T12:32:46","modified_gmt":"2018-11-14T11:32:46","slug":"el-programa-de-prevencion-de-conductas-adictivas-organiza-unas-jornadas-sobre-tecnoadicciones-en-los-jovenes","status":"publish","type":"post","link":"https:\/\/www.mancomunidaddetentudia.com\/portal\/el-programa-de-prevencion-de-conductas-adictivas-organiza-unas-jornadas-sobre-tecnoadicciones-en-los-jovenes\/","title":{"rendered":"EL PROGRAMA DE PREVENCI\u00d3N DE CONDUCTAS ADICTIVAS ORGANIZA UNAS \u00abJORNADAS SOBRE TECNOADICCIONES EN LOS J\u00d3VENES\u00bb"},"content":{"rendered":"<p style=\"text-align: justify;\">El 29 de noviembre se celebrar\u00e1n en el CID Tentud\u00eda las \u00abJornadas sobre Tecnoadicciones en los J\u00f3venes\u00bb, organizadas por el Programa de Prevenci\u00f3n de Conductas Adictivas de la Mancomunidad de Tentud\u00eda.<\/p>\n<p style=\"text-align: justify;\">Las jornadas ser\u00e1n inauguradas por Pilar Guijarro, Directora General de Salud P\u00fablica de la Junta de Extremadura, y Pilar Morcillo de la Secretar\u00eda T\u00e9cnica de Drogodependencias, acompa\u00f1adas por Mercedes D\u00edaz Ba\u00f1os, Presidenta de la Mancomunidad, y el alcalde de Monesterio, Antonio Garrote.<\/p>\n<p style=\"text-align: justify;\">Tendr\u00e1n lugar diversas intervenciones en torno al uso responsable de las nuevas tecnolog\u00edas y las redes sociales, protocolo de actuaci\u00f3n ante nuevos delitos en las redes o las diferentes tecnoadicciones existentes actualmente, y adem\u00e1s se expondr\u00e1n casos reales por parte de los ponentes.<\/p>\n<p style=\"text-align: justify;\">Finalizadas todas las ponencias, se abrir\u00e1 una ronda de preguntas para que los asistentes puedan exponer dudas o plantear cuestiones, y posteriormente se clausurar\u00e1n las jornadas a cargo de Jes\u00fas Apario L\u00f3pez, Gerente de la Mancomunidad.<\/p>\n<p>PROGRAMA DE LAS JORNADAS:<\/p>\n<p><a href=\"https:\/\/www.mancomunidaddetentudia.com\/portal\/wp-content\/uploads\/2018\/11\/programa-jornadas-1.jpg\"><img loading=\"lazy\" decoding=\"async\" class=\"alignnone wp-image-10686 size-medium\" src=\"https:\/\/www.mancomunidaddetentudia.com\/portal\/wp-content\/uploads\/2018\/11\/programa-jornadas-1-212x300.jpg\" alt=\"\" width=\"212\" height=\"300\" srcset=\"https:\/\/www.mancomunidaddetentudia.com\/portal\/wp-content\/uploads\/2018\/11\/programa-jornadas-1-212x300.jpg 212w, https:\/\/www.mancomunidaddetentudia.com\/portal\/wp-content\/uploads\/2018\/11\/programa-jornadas-1-768x1086.jpg 768w, https:\/\/www.mancomunidaddetentudia.com\/portal\/wp-content\/uploads\/2018\/11\/programa-jornadas-1-724x1024.jpg 724w, https:\/\/www.mancomunidaddetentudia.com\/portal\/wp-content\/uploads\/2018\/11\/programa-jornadas-1-696x984.jpg 696w, https:\/\/www.mancomunidaddetentudia.com\/portal\/wp-content\/uploads\/2018\/11\/programa-jornadas-1-297x420.jpg 297w, https:\/\/www.mancomunidaddetentudia.com\/portal\/wp-content\/uploads\/2018\/11\/programa-jornadas-1.jpg 794w\" sizes=\"auto, (max-width: 212px) 100vw, 212px\" \/><\/a><\/p>\n","protected":false},"excerpt":{"rendered":"<p>El 29 de noviembre se celebrar\u00e1n en el CID Tentud\u00eda las \u00abJornadas sobre Tecnoadicciones en los J\u00f3venes\u00bb, organizadas por el Programa de Prevenci\u00f3n de Conductas Adictivas de la Mancomunidad de Tentud\u00eda. Las jornadas ser\u00e1n inauguradas por Pilar Guijarro, Directora General de Salud P\u00fablica de la Junta de Extremadura, y Pilar Morcillo de la Secretar\u00eda T\u00e9cnica [&hellip;]<\/p>\n","protected":false},"author":23,"featured_media":10687,"comment_status":"open","ping_status":"open","sticky":false,"template":"","format":"standard","meta":{"footnotes":""},"categories":[27,68,23],"tags":[],"class_list":{"0":"post-10685","1":"post","2":"type-post","3":"status-publish","4":"format-standard","5":"has-post-thumbnail","7":"category-actualidad","8":"category-mancomunidad","9":"category-notas-de-prensa"},"_links":{"self":[{"href":"https:\/\/www.mancomunidaddetentudia.com\/portal\/wp-json\/wp\/v2\/posts\/10685","targetHints":{"allow":["GET"]}}],"collection":[{"href":"https:\/\/www.mancomunidaddetentudia.com\/portal\/wp-json\/wp\/v2\/posts"}],"about":[{"href":"https:\/\/www.mancomunidaddetentudia.com\/portal\/wp-json\/wp\/v2\/types\/post"}],"author":[{"embeddable":true,"href":"https:\/\/www.mancomunidaddetentudia.com\/portal\/wp-json\/wp\/v2\/users\/23"}],"replies":[{"embeddable":true,"href":"https:\/\/www.mancomunidaddetentudia.com\/portal\/wp-json\/wp\/v2\/comments?post=10685"}],"version-history":[{"count":2,"href":"https:\/\/www.mancomunidaddetentudia.com\/portal\/wp-json\/wp\/v2\/posts\/10685\/revisions"}],"predecessor-version":[{"id":10689,"href":"https:\/\/www.mancomunidaddetentudia.com\/portal\/wp-json\/wp\/v2\/posts\/10685\/revisions\/10689"}],"wp:featuredmedia":[{"embeddable":true,"href":"https:\/\/www.mancomunidaddetentudia.com\/portal\/wp-json\/wp\/v2\/media\/10687"}],"wp:attachment":[{"href":"https:\/\/www.mancomunidaddetentudia.com\/portal\/wp-json\/wp\/v2\/media?parent=10685"}],"wp:term":[{"taxonomy":"category","embeddable":true,"href":"https:\/\/www.mancomunidaddetentudia.com\/portal\/wp-json\/wp\/v2\/categories?post=10685"},{"taxonomy":"post_tag","embeddable":true,"href":"https:\/\/www.mancomunidaddetentudia.com\/portal\/wp-json\/wp\/v2\/tags?post=10685"}],"curies":[{"name":"wp","href":"https:\/\/api.w.org\/{rel}","templated":true}]}}