{"id":10722,"date":"2019-01-16T14:24:20","date_gmt":"2019-01-16T13:24:20","guid":{"rendered":"http:\/\/www.mancomunidaddetentudia.com\/portal\/?p=10722"},"modified":"2019-01-16T14:24:20","modified_gmt":"2019-01-16T13:24:20","slug":"la-mancomunidad-de-tentudia-asistira-a-fitur-para-presentar-el-programa-de-dinamizacion-turistica-primavera-en-tentudia","status":"publish","type":"post","link":"https:\/\/www.mancomunidaddetentudia.com\/portal\/la-mancomunidad-de-tentudia-asistira-a-fitur-para-presentar-el-programa-de-dinamizacion-turistica-primavera-en-tentudia\/","title":{"rendered":"LA MANCOMUNIDAD DE TENTUD\u00cdA ASISTIR\u00c1 A FITUR PARA PRESENTAR EL PROGRAMA DE DINAMIZACI\u00d3N TUR\u00cdSTICA \u201cPRIMAVERA EN TENTUD\u00cdA\u201d"},"content":{"rendered":"<p style=\"text-align: justify;\">Del 23 al 27 de enero se celebrar\u00e1 en Madrid FITUR, la Feria Internacional de Turismo considerada la segunda m\u00e1s importante del mundo.<\/p>\n<p style=\"text-align: justify;\">La Comarca de Tentud\u00eda estar\u00e1 presente en este gran escaparate de promoci\u00f3n tur\u00edstica a trav\u00e9s del stand de la Junta de Extremadura, donde la Mancomunidad realizar\u00e1 el d\u00eda 23 a las 16.30 horas la presentaci\u00f3n de un programa de actividades tur\u00edsticas que tendr\u00e1n lugar durante los meses de primavera en el territorio.<\/p>\n<p style=\"text-align: justify;\">Este conjunto de actividades, que se promocionar\u00e1n y desarrollar\u00e1n bajo el lema \u201c<em>Primavera en Tentud\u00eda<\/em>\u201d, acoge, entre otras, un concurso de fotograf\u00eda online, unas jornadas gastron\u00f3micas, una ruta micol\u00f3gica y actividades tur\u00edstico-deportivas en la naturaleza.<\/p>\n<p style=\"text-align: justify;\">Por otra parte, se proyectar\u00e1 durante la presentaci\u00f3n un video promocional sobre Tentud\u00eda, que se ha editado por parte de la Mancomunidad, y en el que se dan a conocer los municipios que integran la comarca, as\u00ed como su rico patrimonio hist\u00f3rico, cultural, natural y gastron\u00f3mico.<\/p>\n<p>&nbsp;<\/p>\n<p>&nbsp;<\/p>\n","protected":false},"excerpt":{"rendered":"<p>Del 23 al 27 de enero se celebrar\u00e1 en Madrid FITUR, la Feria Internacional de Turismo considerada la segunda m\u00e1s importante del mundo. La Comarca de Tentud\u00eda estar\u00e1 presente en este gran escaparate de promoci\u00f3n tur\u00edstica a trav\u00e9s del stand de la Junta de Extremadura, donde la Mancomunidad realizar\u00e1 el d\u00eda 23 a las 16.30 [&hellip;]<\/p>\n","protected":false},"author":23,"featured_media":10723,"comment_status":"open","ping_status":"open","sticky":false,"template":"","format":"standard","meta":{"footnotes":""},"categories":[27,68,23],"tags":[],"class_list":{"0":"post-10722","1":"post","2":"type-post","3":"status-publish","4":"format-standard","5":"has-post-thumbnail","7":"category-actualidad","8":"category-mancomunidad","9":"category-notas-de-prensa"},"_links":{"self":[{"href":"https:\/\/www.mancomunidaddetentudia.com\/portal\/wp-json\/wp\/v2\/posts\/10722","targetHints":{"allow":["GET"]}}],"collection":[{"href":"https:\/\/www.mancomunidaddetentudia.com\/portal\/wp-json\/wp\/v2\/posts"}],"about":[{"href":"https:\/\/www.mancomunidaddetentudia.com\/portal\/wp-json\/wp\/v2\/types\/post"}],"author":[{"embeddable":true,"href":"https:\/\/www.mancomunidaddetentudia.com\/portal\/wp-json\/wp\/v2\/users\/23"}],"replies":[{"embeddable":true,"href":"https:\/\/www.mancomunidaddetentudia.com\/portal\/wp-json\/wp\/v2\/comments?post=10722"}],"version-history":[{"count":1,"href":"https:\/\/www.mancomunidaddetentudia.com\/portal\/wp-json\/wp\/v2\/posts\/10722\/revisions"}],"predecessor-version":[{"id":10724,"href":"https:\/\/www.mancomunidaddetentudia.com\/portal\/wp-json\/wp\/v2\/posts\/10722\/revisions\/10724"}],"wp:featuredmedia":[{"embeddable":true,"href":"https:\/\/www.mancomunidaddetentudia.com\/portal\/wp-json\/wp\/v2\/media\/10723"}],"wp:attachment":[{"href":"https:\/\/www.mancomunidaddetentudia.com\/portal\/wp-json\/wp\/v2\/media?parent=10722"}],"wp:term":[{"taxonomy":"category","embeddable":true,"href":"https:\/\/www.mancomunidaddetentudia.com\/portal\/wp-json\/wp\/v2\/categories?post=10722"},{"taxonomy":"post_tag","embeddable":true,"href":"https:\/\/www.mancomunidaddetentudia.com\/portal\/wp-json\/wp\/v2\/tags?post=10722"}],"curies":[{"name":"wp","href":"https:\/\/api.w.org\/{rel}","templated":true}]}}