{"id":10725,"date":"2019-01-21T08:29:08","date_gmt":"2019-01-21T07:29:08","guid":{"rendered":"http:\/\/www.mancomunidaddetentudia.com\/portal\/?p=10725"},"modified":"2019-01-21T08:29:08","modified_gmt":"2019-01-21T07:29:08","slug":"concurso-online-de-fotografia-tentudia-4-estaciones-1-destino-2","status":"publish","type":"post","link":"https:\/\/www.mancomunidaddetentudia.com\/portal\/concurso-online-de-fotografia-tentudia-4-estaciones-1-destino-2\/","title":{"rendered":"CONCURSO ONLINE DE FOTOGRAF\u00cdA \u201cTENTUD\u00cdA: 4 ESTACIONES, 1 DESTINO\u201d"},"content":{"rendered":"<p style=\"text-align: justify;\">Tras el \u00e9xito de la edici\u00f3n de oto\u00f1o, continuamos con el <em>Concurso online de fotograf\u00eda <\/em>\u201c<strong>Tentud\u00eda: 4 estaciones, 1 destino<\/strong>\u201c, que en esta ocasi\u00f3n se desarrollar\u00e1 bajo la tem\u00e1tica \u00ab<em>Tentud\u00eda en invierno<\/em>\u00ab.<\/p>\n<p>Mediante este concurso se pretende promocionar la Comarca y dar a conocer su rico patrimonio, as\u00ed como su entorno natural.<\/p>\n<p>En el siguiente enlace podr\u00e1 consultar las <strong>bases<\/strong> del concurso: <a href=\"https:\/\/www.mancomunidaddetentudia.com\/portal\/wp-content\/uploads\/2019\/01\/BASES-Concurso-fotograf\u00eda-TENTUD\u00cdA-INVIERNO.pdf\" target=\"_blank\" rel=\"noopener\">BASES Concurso fotograf\u00eda TENTUD\u00cdA INVIERNO<\/a><\/p>\n<p>Puede descargarse el <strong>formulario de inscripci\u00f3n<\/strong> aqu\u00ed: <a href=\"https:\/\/www.mancomunidaddetentudia.com\/portal\/wp-content\/uploads\/2019\/01\/FORMULARIO-Inscripci\u00f3n-concurso-fotograf\u00eda.pdf\">FORMULARIO Inscripci\u00f3n concurso fotograf\u00eda<\/a><\/p>\n","protected":false},"excerpt":{"rendered":"<p>Tras el \u00e9xito de la edici\u00f3n de oto\u00f1o, continuamos con el Concurso online de fotograf\u00eda \u201cTentud\u00eda: 4 estaciones, 1 destino\u201c, que en esta ocasi\u00f3n se desarrollar\u00e1 bajo la tem\u00e1tica \u00abTentud\u00eda en invierno\u00ab. Mediante este concurso se pretende promocionar la Comarca y dar a conocer su rico patrimonio, as\u00ed como su entorno natural. En el siguiente [&hellip;]<\/p>\n","protected":false},"author":23,"featured_media":10726,"comment_status":"open","ping_status":"open","sticky":false,"template":"","format":"standard","meta":{"footnotes":""},"categories":[27,68,24],"tags":[],"class_list":{"0":"post-10725","1":"post","2":"type-post","3":"status-publish","4":"format-standard","5":"has-post-thumbnail","7":"category-actualidad","8":"category-mancomunidad","9":"category-tablon-de-anuncios"},"_links":{"self":[{"href":"https:\/\/www.mancomunidaddetentudia.com\/portal\/wp-json\/wp\/v2\/posts\/10725","targetHints":{"allow":["GET"]}}],"collection":[{"href":"https:\/\/www.mancomunidaddetentudia.com\/portal\/wp-json\/wp\/v2\/posts"}],"about":[{"href":"https:\/\/www.mancomunidaddetentudia.com\/portal\/wp-json\/wp\/v2\/types\/post"}],"author":[{"embeddable":true,"href":"https:\/\/www.mancomunidaddetentudia.com\/portal\/wp-json\/wp\/v2\/users\/23"}],"replies":[{"embeddable":true,"href":"https:\/\/www.mancomunidaddetentudia.com\/portal\/wp-json\/wp\/v2\/comments?post=10725"}],"version-history":[{"count":1,"href":"https:\/\/www.mancomunidaddetentudia.com\/portal\/wp-json\/wp\/v2\/posts\/10725\/revisions"}],"predecessor-version":[{"id":10729,"href":"https:\/\/www.mancomunidaddetentudia.com\/portal\/wp-json\/wp\/v2\/posts\/10725\/revisions\/10729"}],"wp:featuredmedia":[{"embeddable":true,"href":"https:\/\/www.mancomunidaddetentudia.com\/portal\/wp-json\/wp\/v2\/media\/10726"}],"wp:attachment":[{"href":"https:\/\/www.mancomunidaddetentudia.com\/portal\/wp-json\/wp\/v2\/media?parent=10725"}],"wp:term":[{"taxonomy":"category","embeddable":true,"href":"https:\/\/www.mancomunidaddetentudia.com\/portal\/wp-json\/wp\/v2\/categories?post=10725"},{"taxonomy":"post_tag","embeddable":true,"href":"https:\/\/www.mancomunidaddetentudia.com\/portal\/wp-json\/wp\/v2\/tags?post=10725"}],"curies":[{"name":"wp","href":"https:\/\/api.w.org\/{rel}","templated":true}]}}