{"id":10960,"date":"2019-07-17T07:06:52","date_gmt":"2019-07-17T06:06:52","guid":{"rendered":"http:\/\/www.mancomunidaddetentudia.com\/portal\/?p=10960"},"modified":"2019-07-17T07:06:55","modified_gmt":"2019-07-17T06:06:55","slug":"catas-de-vino-de-la-mano-de-dos-de-los-mejores-sumilleres-profesionales-de-extremadura","status":"publish","type":"post","link":"https:\/\/www.mancomunidaddetentudia.com\/portal\/catas-de-vino-de-la-mano-de-dos-de-los-mejores-sumilleres-profesionales-de-extremadura\/","title":{"rendered":"CATAS DE VINO DE LA MANO DE DOS DE LOS MEJORES SUMILLERES PROFESIONALES DE EXTREMADURA"},"content":{"rendered":"\n<p>La\n\u201cIII Muestra Gastrostar\u201d, que se celebrar\u00e1 el 27 de julio en el Monasterio de\nTentud\u00eda, contar\u00e1 con dos sumilleres de lujo: Piedad Fern\u00e1ndez Paredes y Carlos\nJes\u00fas Vivas Vivas.<\/p>\n\n\n\n<p>En\nlos dos casos se trata de profesionales de gran trayectoria y prestigio, que\nser\u00e1n los encargados de introducir a los asistentes en los matices de los\ndistintos vinos extreme\u00f1os que se dispondr\u00e1n en la Muestra.<\/p>\n\n\n\n<p>Piedad\nFern\u00e1ndez es sumiller internacional, directora de la Escuela Europea del Vino,\nen Badajoz, y catadora-jurado habitual en concursos nacionales e\ninternacionales. Adem\u00e1s, fue declarada mejor sumiller de Extremadura en 2015 y\nqued\u00f3 finalista en el certamen nacional ese mismo a\u00f1o.<\/p>\n\n\n\n<p>En\nsu haber se cuentan dos d\u00e9cadas de experiencia gestionando departamentos de\nexportaci\u00f3n de vinos extreme\u00f1os, adem\u00e1s de haber creado P\u00e1mpano Vinater\u00eda y\nRestaurante Amalgama. Gan\u00f3 el premio Empresaria del A\u00f1o en Extremadura en 2007.<\/p>\n\n\n\n<p>Por\nsu parte, Carlos Jes\u00fas Vivas es socio fundador de \u201cVsentidos Catas\u201d. Como\nsumiller fue ganador del certamen extreme\u00f1o en 2014 y subcampe\u00f3n en 2016,\nadem\u00e1s de semifinalista en dos ediciones del certamen nacional.<\/p>\n\n\n\n<p>Su empresa Vsentidos ha abierto el abanico hacia otras posibilidades, tanto en productos a catar (incluyendo cervezas artesanas, aceite, queso, chocolate, ron, ginebra, etc\u00e9tera) como en las actividades complementarias a la cata, como pueden ser el arte del sablage (abrir un cava con un golpe de sable), la cata de corchos o la cata de los sentidos.<\/p>\n\n\n\n<p>M\u00e1s informaci\u00f3n en <a href=\"http:\/\/www.gastrostartentudia.com\">http:\/\/www.gastrostartentudia.com<\/a><\/p>\n\n\n\n<p><\/p>\n","protected":false},"excerpt":{"rendered":"<p>La \u201cIII Muestra Gastrostar\u201d, que se celebrar\u00e1 el 27 de julio en el Monasterio de Tentud\u00eda, contar\u00e1 con dos sumilleres de lujo: Piedad Fern\u00e1ndez Paredes y Carlos Jes\u00fas Vivas Vivas. En los dos casos se trata de profesionales de gran trayectoria y prestigio, que ser\u00e1n los encargados de introducir a los asistentes en los matices [&hellip;]<\/p>\n","protected":false},"author":23,"featured_media":10961,"comment_status":"open","ping_status":"open","sticky":false,"template":"","format":"standard","meta":{"footnotes":""},"categories":[27,53,37,68],"tags":[],"class_list":{"0":"post-10960","1":"post","2":"type-post","3":"status-publish","4":"format-standard","5":"has-post-thumbnail","7":"category-actualidad","8":"category-citas-y-eventos","9":"category-destacados","10":"category-mancomunidad"},"_links":{"self":[{"href":"https:\/\/www.mancomunidaddetentudia.com\/portal\/wp-json\/wp\/v2\/posts\/10960","targetHints":{"allow":["GET"]}}],"collection":[{"href":"https:\/\/www.mancomunidaddetentudia.com\/portal\/wp-json\/wp\/v2\/posts"}],"about":[{"href":"https:\/\/www.mancomunidaddetentudia.com\/portal\/wp-json\/wp\/v2\/types\/post"}],"author":[{"embeddable":true,"href":"https:\/\/www.mancomunidaddetentudia.com\/portal\/wp-json\/wp\/v2\/users\/23"}],"replies":[{"embeddable":true,"href":"https:\/\/www.mancomunidaddetentudia.com\/portal\/wp-json\/wp\/v2\/comments?post=10960"}],"version-history":[{"count":1,"href":"https:\/\/www.mancomunidaddetentudia.com\/portal\/wp-json\/wp\/v2\/posts\/10960\/revisions"}],"predecessor-version":[{"id":10962,"href":"https:\/\/www.mancomunidaddetentudia.com\/portal\/wp-json\/wp\/v2\/posts\/10960\/revisions\/10962"}],"wp:featuredmedia":[{"embeddable":true,"href":"https:\/\/www.mancomunidaddetentudia.com\/portal\/wp-json\/wp\/v2\/media\/10961"}],"wp:attachment":[{"href":"https:\/\/www.mancomunidaddetentudia.com\/portal\/wp-json\/wp\/v2\/media?parent=10960"}],"wp:term":[{"taxonomy":"category","embeddable":true,"href":"https:\/\/www.mancomunidaddetentudia.com\/portal\/wp-json\/wp\/v2\/categories?post=10960"},{"taxonomy":"post_tag","embeddable":true,"href":"https:\/\/www.mancomunidaddetentudia.com\/portal\/wp-json\/wp\/v2\/tags?post=10960"}],"curies":[{"name":"wp","href":"https:\/\/api.w.org\/{rel}","templated":true}]}}