{"id":10967,"date":"2019-07-19T07:48:35","date_gmt":"2019-07-19T06:48:35","guid":{"rendered":"http:\/\/www.mancomunidaddetentudia.com\/portal\/?p=10967"},"modified":"2019-07-19T07:48:37","modified_gmt":"2019-07-19T06:48:37","slug":"diversas-actividades-de-astronomia-completaran-el-programa-de-la-noche-estelar-gastrostar","status":"publish","type":"post","link":"https:\/\/www.mancomunidaddetentudia.com\/portal\/diversas-actividades-de-astronomia-completaran-el-programa-de-la-noche-estelar-gastrostar\/","title":{"rendered":"DIVERSAS ACTIVIDADES DE ASTRONOM\u00cdA COMPLETAR\u00c1N EL PROGRAMA DE LA NOCHE ESTELAR \u201cGASTROSTAR\u201d"},"content":{"rendered":"\n<p>\u201cEntre\nencinas y estrellas\u201d, la empresa extreme\u00f1a especializada en realizar recorridos\ndid\u00e1cticos por los cielos de la regi\u00f3n, ser\u00e1 la encargada de realizar un taller\nastron\u00f3mico en el marco de la <em>Gastrostar<\/em>\nel pr\u00f3ximo s\u00e1bado 27 de julio. <\/p>\n\n\n\n<p>Seg\u00fan\nhan se\u00f1alado desde e-EYE, las condiciones previstas para la cita son ideales para\nla observaci\u00f3n de un cielo que en esta \u00e9poca estar\u00e1 absolutamente dominado por\nla V\u00eda L\u00e1ctea.<\/p>\n\n\n\n<p>El\ntaller se iniciar\u00e1 con una explicaci\u00f3n de lo que se puede observar a simple\nvista, y luego se pasar\u00e1 la visualizaci\u00f3n de determinados objetos concretos mediante\nun telescopio robotizado que enviar\u00e1 las im\u00e1genes a una gran pantalla.<\/p>\n\n\n\n<p>Tambi\u00e9n\nhabr\u00e1 una peque\u00f1a sorpresa para los asistentes a la Muestra, que no s\u00f3lo\nvivir\u00e1n una experiencia \u00fanica, sino que adem\u00e1s podr\u00e1n llevarse a casa un\naut\u00e9ntico recuerdo \u201cestelar\u201d.&nbsp; <\/p>\n","protected":false},"excerpt":{"rendered":"<p>\u201cEntre encinas y estrellas\u201d, la empresa extreme\u00f1a especializada en realizar recorridos did\u00e1cticos por los cielos de la regi\u00f3n, ser\u00e1 la encargada de realizar un taller astron\u00f3mico en el marco de la Gastrostar el pr\u00f3ximo s\u00e1bado 27 de julio. Seg\u00fan han se\u00f1alado desde e-EYE, las condiciones previstas para la cita son ideales para la observaci\u00f3n de [&hellip;]<\/p>\n","protected":false},"author":23,"featured_media":10968,"comment_status":"open","ping_status":"open","sticky":false,"template":"","format":"standard","meta":{"footnotes":""},"categories":[27,53,37,68],"tags":[],"class_list":{"0":"post-10967","1":"post","2":"type-post","3":"status-publish","4":"format-standard","5":"has-post-thumbnail","7":"category-actualidad","8":"category-citas-y-eventos","9":"category-destacados","10":"category-mancomunidad"},"_links":{"self":[{"href":"https:\/\/www.mancomunidaddetentudia.com\/portal\/wp-json\/wp\/v2\/posts\/10967","targetHints":{"allow":["GET"]}}],"collection":[{"href":"https:\/\/www.mancomunidaddetentudia.com\/portal\/wp-json\/wp\/v2\/posts"}],"about":[{"href":"https:\/\/www.mancomunidaddetentudia.com\/portal\/wp-json\/wp\/v2\/types\/post"}],"author":[{"embeddable":true,"href":"https:\/\/www.mancomunidaddetentudia.com\/portal\/wp-json\/wp\/v2\/users\/23"}],"replies":[{"embeddable":true,"href":"https:\/\/www.mancomunidaddetentudia.com\/portal\/wp-json\/wp\/v2\/comments?post=10967"}],"version-history":[{"count":1,"href":"https:\/\/www.mancomunidaddetentudia.com\/portal\/wp-json\/wp\/v2\/posts\/10967\/revisions"}],"predecessor-version":[{"id":10969,"href":"https:\/\/www.mancomunidaddetentudia.com\/portal\/wp-json\/wp\/v2\/posts\/10967\/revisions\/10969"}],"wp:featuredmedia":[{"embeddable":true,"href":"https:\/\/www.mancomunidaddetentudia.com\/portal\/wp-json\/wp\/v2\/media\/10968"}],"wp:attachment":[{"href":"https:\/\/www.mancomunidaddetentudia.com\/portal\/wp-json\/wp\/v2\/media?parent=10967"}],"wp:term":[{"taxonomy":"category","embeddable":true,"href":"https:\/\/www.mancomunidaddetentudia.com\/portal\/wp-json\/wp\/v2\/categories?post=10967"},{"taxonomy":"post_tag","embeddable":true,"href":"https:\/\/www.mancomunidaddetentudia.com\/portal\/wp-json\/wp\/v2\/tags?post=10967"}],"curies":[{"name":"wp","href":"https:\/\/api.w.org\/{rel}","templated":true}]}}