{"id":10970,"date":"2019-07-22T08:22:47","date_gmt":"2019-07-22T07:22:47","guid":{"rendered":"http:\/\/www.mancomunidaddetentudia.com\/portal\/?p=10970"},"modified":"2019-07-22T08:22:49","modified_gmt":"2019-07-22T07:22:49","slug":"javier-alcantara-amenizara-la-velada-con-su-jazz-durante-la-iii-muestra-gastrostar","status":"publish","type":"post","link":"https:\/\/www.mancomunidaddetentudia.com\/portal\/javier-alcantara-amenizara-la-velada-con-su-jazz-durante-la-iii-muestra-gastrostar\/","title":{"rendered":"\u201cJAVIER ALC\u00c1NTARA\u201d AMENIZAR\u00c1 LA VELADA CON SU JAZZ DURANTE LA III MUESTRA GASTROSTAR"},"content":{"rendered":"\n<p>Es uno de los compositores y guitarristas m\u00e1s destacados de su\ngeneraci\u00f3n,&nbsp;ganador del concurso de nuevos talentos del festival el\n\u201cPort\u00f3n de Jazz\u201d&nbsp;que debuta en 2008 con&nbsp;\u201cNamouche\u201d,&nbsp;grabado en\nLisboa junto a&nbsp;la formaci\u00f3n&nbsp;Special Quartet&nbsp; (y la participaci\u00f3n\nde m\u00fasicos de reconocido prestigio como&nbsp;Perico Sambeat,&nbsp;Alexis\nCuadrado,&nbsp;Hugo Alves\u2026). Pero es con su&nbsp;primer disco como\nl\u00edder,&nbsp;\u201cShort Stories\u201d, cuando obtiene un gran \u00e9xito de cr\u00edtica y p\u00fablico\n(El tema \u201cDuende de Luz\u201d fue elegido entre lo mejor del a\u00f1o 2014 por la\nprestigiosa publicaci\u00f3n internacional&nbsp;\u201cAll About Jazz\u201d,&nbsp;encabezando\nlas descargas libres recomendadas en su web, y entrando por derecho propio en\nel&nbsp;puesto N\u00ba 1 del TOP 200&nbsp;de los \u00faltimos 20 a\u00f1os con m\u00e1s de 70.000\ndescargas).<\/p>\n\n\n\n<p>Con la <em>Short Stories Band<\/em> ha\ncreado un sello&nbsp;\u00fanico y personal,&nbsp;convirti\u00e9ndose en una banda\nde&nbsp;referencia en el g\u00e9nero, por la cual han pasado y pasan algunos de m\u00e1s\ndestacados instrumentistas de jazz nacional e internacional.<\/p>\n\n\n\n<p>Su \u00faltimo y exitoso disco&nbsp;\u201cResilience\u201d&nbsp;ha pasado por algunos de\nlos festivales, clubs, y teatros&nbsp;m\u00e1s importantes del mundo del Jazz y la\nWorld Music con gran \u00e9xito de cr\u00edtica y de p\u00fablico. <\/p>\n\n\n\n<p>En 2019&nbsp;prepara el lanzamiento de una nueva y deslumbrante obra\ndiscogr\u00e1fica.<\/p>\n\n\n\n<p>As\u00ed lo describen otros grandes m\u00fasicos: <\/p>\n\n\n\n<p><em>\u00abJavier Alc\u00e1ntara es un\ngran guitarrista, su m\u00fasica es bella y sincera\u00bb. Perico Sambeat<\/em><\/p>\n\n\n\n<p><em>\u201cUn trabajo\nde composici\u00f3n y arreglos elogiable, con una r\u00edtmica s\u00f3lida y a la vez sutil\nque se viene a sumar a la cada vez m\u00e1s extensa producci\u00f3n discogr\u00e1fica del jazz\nnacional que, en muchas ocasiones, me hace replantearme el consabido comentario\nde la crisis del sector discogr\u00e1fico\u201d. Joaqu\u00edn Chac\u00f3n<\/em><\/p>\n\n\n\n<p>Los asistentes a la \u201cIII Muestra Gastrostar\u201d podr\u00e1n deleitarse de su m\u00fasica\nla noche del 27 de julio mientras degustan aut\u00e9nticos manjares y contemplan el\ncielo m\u00e1gico de Tentudia. <\/p>\n\n\n\n<p><a href=\"https:\/\/srv02.aloojamiento.com:2096\/cpsess5160712696\/3rdparty\/roundcube\/#NOP\"><strong>www.javieralcantara.com\n&nbsp;<\/strong><\/a><\/p>\n\n\n\n<p><a href=\"mailto:javieralcantara@javieralcantara.com\"><strong>javieralcantara@javieralcantara.com<\/strong><\/a><strong>&nbsp;<\/strong><a href=\"https:\/\/srv02.aloojamiento.com:2096\/cpsess5160712696\/3rdparty\/roundcube\/#NOP\"><strong>&nbsp;<\/strong><\/a><\/p>\n\n\n\n<p><strong>Javier Alc\u00e1ntara Music\nStore:<\/strong><strong><br>\n<\/strong><a href=\"http:\/\/www.javieralcantara.bandcamp.com\/\" target=\"_blank\" rel=\"noreferrer noopener\"><strong>www.javieralcantara.bandcamp.com<\/strong><\/a><strong>&nbsp;<\/strong><\/p>\n\n\n\n<p><strong>Javier Alc\u00e1ntara Servicios de\nMusicoterapia<\/strong><\/p>\n","protected":false},"excerpt":{"rendered":"<p>Es uno de los compositores y guitarristas m\u00e1s destacados de su generaci\u00f3n,&nbsp;ganador del concurso de nuevos talentos del festival el \u201cPort\u00f3n de Jazz\u201d&nbsp;que debuta en 2008 con&nbsp;\u201cNamouche\u201d,&nbsp;grabado en Lisboa junto a&nbsp;la formaci\u00f3n&nbsp;Special Quartet&nbsp; (y la participaci\u00f3n de m\u00fasicos de reconocido prestigio como&nbsp;Perico Sambeat,&nbsp;Alexis Cuadrado,&nbsp;Hugo Alves\u2026). Pero es con su&nbsp;primer disco como l\u00edder,&nbsp;\u201cShort Stories\u201d, cuando obtiene [&hellip;]<\/p>\n","protected":false},"author":23,"featured_media":10971,"comment_status":"open","ping_status":"open","sticky":false,"template":"","format":"standard","meta":{"footnotes":""},"categories":[27,53,37,68],"tags":[],"class_list":{"0":"post-10970","1":"post","2":"type-post","3":"status-publish","4":"format-standard","5":"has-post-thumbnail","7":"category-actualidad","8":"category-citas-y-eventos","9":"category-destacados","10":"category-mancomunidad"},"_links":{"self":[{"href":"https:\/\/www.mancomunidaddetentudia.com\/portal\/wp-json\/wp\/v2\/posts\/10970","targetHints":{"allow":["GET"]}}],"collection":[{"href":"https:\/\/www.mancomunidaddetentudia.com\/portal\/wp-json\/wp\/v2\/posts"}],"about":[{"href":"https:\/\/www.mancomunidaddetentudia.com\/portal\/wp-json\/wp\/v2\/types\/post"}],"author":[{"embeddable":true,"href":"https:\/\/www.mancomunidaddetentudia.com\/portal\/wp-json\/wp\/v2\/users\/23"}],"replies":[{"embeddable":true,"href":"https:\/\/www.mancomunidaddetentudia.com\/portal\/wp-json\/wp\/v2\/comments?post=10970"}],"version-history":[{"count":1,"href":"https:\/\/www.mancomunidaddetentudia.com\/portal\/wp-json\/wp\/v2\/posts\/10970\/revisions"}],"predecessor-version":[{"id":10972,"href":"https:\/\/www.mancomunidaddetentudia.com\/portal\/wp-json\/wp\/v2\/posts\/10970\/revisions\/10972"}],"wp:featuredmedia":[{"embeddable":true,"href":"https:\/\/www.mancomunidaddetentudia.com\/portal\/wp-json\/wp\/v2\/media\/10971"}],"wp:attachment":[{"href":"https:\/\/www.mancomunidaddetentudia.com\/portal\/wp-json\/wp\/v2\/media?parent=10970"}],"wp:term":[{"taxonomy":"category","embeddable":true,"href":"https:\/\/www.mancomunidaddetentudia.com\/portal\/wp-json\/wp\/v2\/categories?post=10970"},{"taxonomy":"post_tag","embeddable":true,"href":"https:\/\/www.mancomunidaddetentudia.com\/portal\/wp-json\/wp\/v2\/tags?post=10970"}],"curies":[{"name":"wp","href":"https:\/\/api.w.org\/{rel}","templated":true}]}}