{"id":11002,"date":"2019-08-28T19:02:07","date_gmt":"2019-08-28T18:02:07","guid":{"rendered":"http:\/\/www.mancomunidaddetentudia.com\/portal\/?p=11002"},"modified":"2019-09-10T21:25:58","modified_gmt":"2019-09-10T20:25:58","slug":"vacaciones-en-igualdad-2","status":"publish","type":"post","link":"https:\/\/www.mancomunidaddetentudia.com\/portal\/vacaciones-en-igualdad-2\/","title":{"rendered":"Vacaciones en Igualdad"},"content":{"rendered":"\n<p>M\u00e1s 200 ni\u00f1os y ni\u00f1as han participado en las jornadas \u201cVacaciones en Igualdad\u201d realizadas  desde la Oficina de Igualdad y Violencia de G\u00e9nero, a lo largo de los meses de julio y agosto, en  8 municipios de la Mancomunidad.<\/p>\n\n\n\n<p>En las mismas, se realizaron diferentes juegos y actividades con el fin de trabajar aspectos  como la igualdad de oportunidades, la corresponsabilidad, la ruptura de los estereotipos de  g\u00e9nero o los buenos tratos. Adem\u00e1s de servir de toma de contacto para los futuros proyectos  que se realizar\u00e1n desde esta oficina durante el curso escolar en los centros educativos.<\/p>\n\n\n\n<p style=\"text-align:left\">Ha resultado una experiencia muy enriquecedora, positiva y todo un \u00e9xito en cuanto a la  participaci\u00f3n. \u00a1Muchas gracias!<\/p>\n","protected":false},"excerpt":{"rendered":"<p>M\u00e1s 200 ni\u00f1os y ni\u00f1as han participado en las jornadas \u201cVacaciones en Igualdad\u201d realizadas desde la Oficina de Igualdad y Violencia de G\u00e9nero, a lo largo de los meses de julio y agosto, en 8 municipios de la Mancomunidad. En las mismas, se realizaron diferentes juegos y actividades con el fin de trabajar aspectos como [&hellip;]<\/p>\n","protected":false},"author":1,"featured_media":11003,"comment_status":"open","ping_status":"open","sticky":false,"template":"","format":"standard","meta":{"footnotes":""},"categories":[27,43],"tags":[],"class_list":{"0":"post-11002","1":"post","2":"type-post","3":"status-publish","4":"format-standard","5":"has-post-thumbnail","7":"category-actualidad","8":"category-igualdad"},"_links":{"self":[{"href":"https:\/\/www.mancomunidaddetentudia.com\/portal\/wp-json\/wp\/v2\/posts\/11002","targetHints":{"allow":["GET"]}}],"collection":[{"href":"https:\/\/www.mancomunidaddetentudia.com\/portal\/wp-json\/wp\/v2\/posts"}],"about":[{"href":"https:\/\/www.mancomunidaddetentudia.com\/portal\/wp-json\/wp\/v2\/types\/post"}],"author":[{"embeddable":true,"href":"https:\/\/www.mancomunidaddetentudia.com\/portal\/wp-json\/wp\/v2\/users\/1"}],"replies":[{"embeddable":true,"href":"https:\/\/www.mancomunidaddetentudia.com\/portal\/wp-json\/wp\/v2\/comments?post=11002"}],"version-history":[{"count":1,"href":"https:\/\/www.mancomunidaddetentudia.com\/portal\/wp-json\/wp\/v2\/posts\/11002\/revisions"}],"predecessor-version":[{"id":11004,"href":"https:\/\/www.mancomunidaddetentudia.com\/portal\/wp-json\/wp\/v2\/posts\/11002\/revisions\/11004"}],"wp:featuredmedia":[{"embeddable":true,"href":"https:\/\/www.mancomunidaddetentudia.com\/portal\/wp-json\/wp\/v2\/media\/11003"}],"wp:attachment":[{"href":"https:\/\/www.mancomunidaddetentudia.com\/portal\/wp-json\/wp\/v2\/media?parent=11002"}],"wp:term":[{"taxonomy":"category","embeddable":true,"href":"https:\/\/www.mancomunidaddetentudia.com\/portal\/wp-json\/wp\/v2\/categories?post=11002"},{"taxonomy":"post_tag","embeddable":true,"href":"https:\/\/www.mancomunidaddetentudia.com\/portal\/wp-json\/wp\/v2\/tags?post=11002"}],"curies":[{"name":"wp","href":"https:\/\/api.w.org\/{rel}","templated":true}]}}