{"id":11015,"date":"2019-09-12T07:24:00","date_gmt":"2019-09-12T06:24:00","guid":{"rendered":"http:\/\/www.mancomunidaddetentudia.com\/portal\/?p=11015"},"modified":"2019-09-12T07:24:01","modified_gmt":"2019-09-12T06:24:01","slug":"curso-de-rescate-en-cuevas-para-miembros-de-proteccion-civil-en-fuentes-de-leon","status":"publish","type":"post","link":"https:\/\/www.mancomunidaddetentudia.com\/portal\/curso-de-rescate-en-cuevas-para-miembros-de-proteccion-civil-en-fuentes-de-leon\/","title":{"rendered":"CURSO DE RESCATE EN CUEVAS PARA MIEMBROS DE PROTECCI\u00d3N CIVIL EN FUENTES DE LE\u00d3N"},"content":{"rendered":"\n<p>La localidad de Fuentes de Le\u00f3n acoger\u00e1 durante los dos pr\u00f3ximos fines de semana un curso de rescate en cuevas, tras la aceptaci\u00f3n por parte de la Junta de la solicitud cursada por Protecci\u00f3n Civil de la localidad.<\/p>\n\n\n\n<p>El curso est\u00e1 financiado y organizado por la Direcci\u00f3n General de Emergencia de la Junta de Extremadura para miembros de Protecci\u00f3n Civil, con la finalidad de ofrecer una adecuada preparaci\u00f3n al personal de este colectivo en torno a los percances en las cuevas.<\/p>\n\n\n\n<p>Durante los d\u00edas 14, 15, 21 y 22 de septiembre 18 participantes recibir\u00e1n esta formaci\u00f3n, siendo once de la localidad fonte\u00f1a y el resto llegados de Ribera del Fresno, Casar de C\u00e1ceres y Almaraz.<\/p>\n\n\n\n<p>En los primeros d\u00edas tendr\u00e1 lugar la formaci\u00f3n te\u00f3rica y una peque\u00f1a iniciaci\u00f3n a la pr\u00e1ctica en el Polideportivo Municipal y Centro Joven de la localidad, dejando para el siguiente fin de semana la mayor\u00eda de la parte pr\u00e1ctica dentro de las Cuevas de Fuentes de Le\u00f3n.<\/p>\n\n\n\n<p>Los encargados de dirigir el curso ser\u00e1n dos t\u00e9cnicos de rescate de la Junta de Extremadura junto con bomberos. Adem\u00e1s tendr\u00e1n el apoyo de miembros del SEPEI de bomberos de Fregenal de la Sierra y el personal de las Cuevas.<\/p>\n","protected":false},"excerpt":{"rendered":"<p>La localidad de Fuentes de Le\u00f3n acoger\u00e1 durante los dos pr\u00f3ximos fines de semana un curso de rescate en cuevas, tras la aceptaci\u00f3n por parte de la Junta de la solicitud cursada por Protecci\u00f3n Civil de la localidad. El curso est\u00e1 financiado y organizado por la Direcci\u00f3n General de Emergencia de la Junta de Extremadura [&hellip;]<\/p>\n","protected":false},"author":23,"featured_media":11016,"comment_status":"open","ping_status":"open","sticky":false,"template":"","format":"standard","meta":{"footnotes":""},"categories":[27,37,68,23],"tags":[],"class_list":{"0":"post-11015","1":"post","2":"type-post","3":"status-publish","4":"format-standard","5":"has-post-thumbnail","7":"category-actualidad","8":"category-destacados","9":"category-mancomunidad","10":"category-notas-de-prensa"},"_links":{"self":[{"href":"https:\/\/www.mancomunidaddetentudia.com\/portal\/wp-json\/wp\/v2\/posts\/11015","targetHints":{"allow":["GET"]}}],"collection":[{"href":"https:\/\/www.mancomunidaddetentudia.com\/portal\/wp-json\/wp\/v2\/posts"}],"about":[{"href":"https:\/\/www.mancomunidaddetentudia.com\/portal\/wp-json\/wp\/v2\/types\/post"}],"author":[{"embeddable":true,"href":"https:\/\/www.mancomunidaddetentudia.com\/portal\/wp-json\/wp\/v2\/users\/23"}],"replies":[{"embeddable":true,"href":"https:\/\/www.mancomunidaddetentudia.com\/portal\/wp-json\/wp\/v2\/comments?post=11015"}],"version-history":[{"count":1,"href":"https:\/\/www.mancomunidaddetentudia.com\/portal\/wp-json\/wp\/v2\/posts\/11015\/revisions"}],"predecessor-version":[{"id":11017,"href":"https:\/\/www.mancomunidaddetentudia.com\/portal\/wp-json\/wp\/v2\/posts\/11015\/revisions\/11017"}],"wp:featuredmedia":[{"embeddable":true,"href":"https:\/\/www.mancomunidaddetentudia.com\/portal\/wp-json\/wp\/v2\/media\/11016"}],"wp:attachment":[{"href":"https:\/\/www.mancomunidaddetentudia.com\/portal\/wp-json\/wp\/v2\/media?parent=11015"}],"wp:term":[{"taxonomy":"category","embeddable":true,"href":"https:\/\/www.mancomunidaddetentudia.com\/portal\/wp-json\/wp\/v2\/categories?post=11015"},{"taxonomy":"post_tag","embeddable":true,"href":"https:\/\/www.mancomunidaddetentudia.com\/portal\/wp-json\/wp\/v2\/tags?post=11015"}],"curies":[{"name":"wp","href":"https:\/\/api.w.org\/{rel}","templated":true}]}}