{"id":11018,"date":"2019-09-17T13:32:22","date_gmt":"2019-09-17T12:32:22","guid":{"rendered":"http:\/\/www.mancomunidaddetentudia.com\/portal\/?p=11018"},"modified":"2019-09-17T13:32:23","modified_gmt":"2019-09-17T12:32:23","slug":"tentudia-se-une-a-la-semana-europea-de-la-movilidad","status":"publish","type":"post","link":"https:\/\/www.mancomunidaddetentudia.com\/portal\/tentudia-se-une-a-la-semana-europea-de-la-movilidad\/","title":{"rendered":"TENTUD\u00cdA SE UNE A LA \u00abSEMANA EUROPEA DE LA MOVILIDAD\u00bb"},"content":{"rendered":"\n<p>El Ministerio para la Transici\u00f3n Ecol\u00f3gica contin\u00faa impulsando la participaci\u00f3n en la convocatoria de la Semana Europea de la Movilidad (SEM) 2019, que se celebrar\u00e1 del 16 al 22 de septiembre.<\/p>\n\n\n\n<p>Est\u00e1 iniciativa surgi\u00f3 en Europa en 1999 y a partir del a\u00f1o 2000 cont\u00f3 con el apoyo de la Comisi\u00f3n Europea. Se celebra cada a\u00f1o, del 16 al 22 de septiembre, realizando actividades para promocionar la movilidad sostenible y fomentando el desarrollo de buenas pr\u00e1cticas y medidas permanentes.<\/p>\n\n\n\n<p>El tema elegido este a\u00f1o por la Comisi\u00f3n Europea est\u00e1 centrado en CAMINAR y PEDALEAR de forma segura y el lema es: \u00a1Camina con nosotr@s!<\/p>\n\n\n\n<p>Mediante esta tem\u00e1tica, la Uni\u00f3n Europea pone el foco en los beneficios que tienen estas dos formas de desplazamiento para nuestra salud, para el medio ambiente y para nuestra econom\u00eda.<\/p>\n\n\n\n<p>DESDE LA MANCOMUNIDAD DE TENTUD\u00cdA OS ANIMAMOS A CAMINAR Y PEDALEAR POR NUESTRA COMARCA.<\/p>\n","protected":false},"excerpt":{"rendered":"<p>El Ministerio para la Transici\u00f3n Ecol\u00f3gica contin\u00faa impulsando la participaci\u00f3n en la convocatoria de la Semana Europea de la Movilidad (SEM) 2019, que se celebrar\u00e1 del 16 al 22 de septiembre. Est\u00e1 iniciativa surgi\u00f3 en Europa en 1999 y a partir del a\u00f1o 2000 cont\u00f3 con el apoyo de la Comisi\u00f3n Europea. Se celebra cada [&hellip;]<\/p>\n","protected":false},"author":23,"featured_media":11019,"comment_status":"open","ping_status":"open","sticky":false,"template":"","format":"standard","meta":{"footnotes":""},"categories":[27,37,68],"tags":[],"class_list":{"0":"post-11018","1":"post","2":"type-post","3":"status-publish","4":"format-standard","5":"has-post-thumbnail","7":"category-actualidad","8":"category-destacados","9":"category-mancomunidad"},"_links":{"self":[{"href":"https:\/\/www.mancomunidaddetentudia.com\/portal\/wp-json\/wp\/v2\/posts\/11018","targetHints":{"allow":["GET"]}}],"collection":[{"href":"https:\/\/www.mancomunidaddetentudia.com\/portal\/wp-json\/wp\/v2\/posts"}],"about":[{"href":"https:\/\/www.mancomunidaddetentudia.com\/portal\/wp-json\/wp\/v2\/types\/post"}],"author":[{"embeddable":true,"href":"https:\/\/www.mancomunidaddetentudia.com\/portal\/wp-json\/wp\/v2\/users\/23"}],"replies":[{"embeddable":true,"href":"https:\/\/www.mancomunidaddetentudia.com\/portal\/wp-json\/wp\/v2\/comments?post=11018"}],"version-history":[{"count":1,"href":"https:\/\/www.mancomunidaddetentudia.com\/portal\/wp-json\/wp\/v2\/posts\/11018\/revisions"}],"predecessor-version":[{"id":11020,"href":"https:\/\/www.mancomunidaddetentudia.com\/portal\/wp-json\/wp\/v2\/posts\/11018\/revisions\/11020"}],"wp:featuredmedia":[{"embeddable":true,"href":"https:\/\/www.mancomunidaddetentudia.com\/portal\/wp-json\/wp\/v2\/media\/11019"}],"wp:attachment":[{"href":"https:\/\/www.mancomunidaddetentudia.com\/portal\/wp-json\/wp\/v2\/media?parent=11018"}],"wp:term":[{"taxonomy":"category","embeddable":true,"href":"https:\/\/www.mancomunidaddetentudia.com\/portal\/wp-json\/wp\/v2\/categories?post=11018"},{"taxonomy":"post_tag","embeddable":true,"href":"https:\/\/www.mancomunidaddetentudia.com\/portal\/wp-json\/wp\/v2\/tags?post=11018"}],"curies":[{"name":"wp","href":"https:\/\/api.w.org\/{rel}","templated":true}]}}