{"id":11045,"date":"2019-10-15T11:08:33","date_gmt":"2019-10-15T10:08:33","guid":{"rendered":"http:\/\/www.mancomunidaddetentudia.com\/portal\/?p=11045"},"modified":"2019-10-15T11:10:05","modified_gmt":"2019-10-15T10:10:05","slug":"la-oficina-de-igualdady-violencia-de-genero-de-la-mancomunidad-inicia-una-campana-para-dar-visibilidad-a-las-mujeres-rurales-de-la-comarca","status":"publish","type":"post","link":"https:\/\/www.mancomunidaddetentudia.com\/portal\/la-oficina-de-igualdady-violencia-de-genero-de-la-mancomunidad-inicia-una-campana-para-dar-visibilidad-a-las-mujeres-rurales-de-la-comarca\/","title":{"rendered":"LA OFICINA DE IGUALDAD Y VIOLENCIA DE G\u00c9NERO DE LA MANCOMUNIDAD INICIA UNA CAMPA\u00d1A PARA DAR VISIBILIDAD A LAS MUJERES RURALES DE LA COMARCA"},"content":{"rendered":"\n<p>Hoy, d\u00eda 15 de octubre, se celebra el <strong>D\u00eda Internacional de las Mujeres Rurales<\/strong>. Conmemoramos el papel\nfundamental que mujeres y ni\u00f1as tienen dentro de nuestros municipios,\ninfluyendo de manera directa en el desarrollo y progreso de estos.<\/p>\n\n\n\n<p>Las mujeres rurales sufren muchas dificultades, sin ir m\u00e1s\nlejos, en nuestra comarca, existe el doble de desempleo femenino si lo\ncomparamos con el desempleo masculino. Adem\u00e1s, siguen siendo ellas las que\nmayoritariamente soportan la carga del trabajo dom\u00e9stico y del cuidado\nfamiliar. <\/p>\n\n\n\n<p>Sin embargo, muchas de ellas han fomentado el emprendimiento\nrural y han puesto en marcha sus propios proyectos y negocios, haciendo frente\na las dificultades y trabajando por el progreso de su pueblo, tarea que tambi\u00e9n\nllevan a cabo desde las diferentes asociaciones de mujeres.<\/p>\n\n\n\n<p>Es imprescindible que desde las instituciones se fomente el\nempoderamiento de las mujeres rurales, por ello, la Oficina de Igualdad y\nViolencia de G\u00e9nero est\u00e1 llevando a cabo una campa\u00f1a que pretende dar\nvisibilidad a esta figura. Para ello, diferentes asociaciones de mujeres de la\nzona han realizado sus propuestas de \u201cMujer <br>\nRural\u201d y durante una semana se dar\u00e1 difusi\u00f3n a la historia de cada una de\nellas.<\/p>\n","protected":false},"excerpt":{"rendered":"<p>Hoy, d\u00eda 15 de octubre, se celebra el D\u00eda Internacional de las Mujeres Rurales. Conmemoramos el papel fundamental que mujeres y ni\u00f1as tienen dentro de nuestros municipios, influyendo de manera directa en el desarrollo y progreso de estos. Las mujeres rurales sufren muchas dificultades, sin ir m\u00e1s lejos, en nuestra comarca, existe el doble de [&hellip;]<\/p>\n","protected":false},"author":23,"featured_media":11046,"comment_status":"open","ping_status":"open","sticky":false,"template":"","format":"standard","meta":{"footnotes":""},"categories":[27,37,23,43],"tags":[],"class_list":{"0":"post-11045","1":"post","2":"type-post","3":"status-publish","4":"format-standard","5":"has-post-thumbnail","7":"category-actualidad","8":"category-destacados","9":"category-notas-de-prensa","10":"category-igualdad"},"_links":{"self":[{"href":"https:\/\/www.mancomunidaddetentudia.com\/portal\/wp-json\/wp\/v2\/posts\/11045","targetHints":{"allow":["GET"]}}],"collection":[{"href":"https:\/\/www.mancomunidaddetentudia.com\/portal\/wp-json\/wp\/v2\/posts"}],"about":[{"href":"https:\/\/www.mancomunidaddetentudia.com\/portal\/wp-json\/wp\/v2\/types\/post"}],"author":[{"embeddable":true,"href":"https:\/\/www.mancomunidaddetentudia.com\/portal\/wp-json\/wp\/v2\/users\/23"}],"replies":[{"embeddable":true,"href":"https:\/\/www.mancomunidaddetentudia.com\/portal\/wp-json\/wp\/v2\/comments?post=11045"}],"version-history":[{"count":2,"href":"https:\/\/www.mancomunidaddetentudia.com\/portal\/wp-json\/wp\/v2\/posts\/11045\/revisions"}],"predecessor-version":[{"id":11048,"href":"https:\/\/www.mancomunidaddetentudia.com\/portal\/wp-json\/wp\/v2\/posts\/11045\/revisions\/11048"}],"wp:featuredmedia":[{"embeddable":true,"href":"https:\/\/www.mancomunidaddetentudia.com\/portal\/wp-json\/wp\/v2\/media\/11046"}],"wp:attachment":[{"href":"https:\/\/www.mancomunidaddetentudia.com\/portal\/wp-json\/wp\/v2\/media?parent=11045"}],"wp:term":[{"taxonomy":"category","embeddable":true,"href":"https:\/\/www.mancomunidaddetentudia.com\/portal\/wp-json\/wp\/v2\/categories?post=11045"},{"taxonomy":"post_tag","embeddable":true,"href":"https:\/\/www.mancomunidaddetentudia.com\/portal\/wp-json\/wp\/v2\/tags?post=11045"}],"curies":[{"name":"wp","href":"https:\/\/api.w.org\/{rel}","templated":true}]}}