{"id":11289,"date":"2020-05-19T11:15:58","date_gmt":"2020-05-19T10:15:58","guid":{"rendered":"http:\/\/www.mancomunidaddetentudia.com\/portal\/?p=11289"},"modified":"2020-05-19T11:16:00","modified_gmt":"2020-05-19T10:16:00","slug":"la-mancomunidad-de-tentudia-llevara-la-proxima-semana-a-aprobacion-plenaria-un-plan-de-medidas-extraordinarias-ante-la-situacion-generada-por-el-covid-19","status":"publish","type":"post","link":"https:\/\/www.mancomunidaddetentudia.com\/portal\/la-mancomunidad-de-tentudia-llevara-la-proxima-semana-a-aprobacion-plenaria-un-plan-de-medidas-extraordinarias-ante-la-situacion-generada-por-el-covid-19\/","title":{"rendered":"LA MANCOMUNIDAD DE TENTUD\u00cdA LLEVAR\u00c1 LA PR\u00d3XIMA SEMANA A APROBACI\u00d3N PLENARIA UN PLAN DE MEDIDAS EXTRAORDINARIAS ANTE LA SITUACI\u00d3N GENERADA POR EL COVID-19"},"content":{"rendered":"\n<p>La\nvuelta a la normalidad o famosa desescalada no va a pasar desapercibida para\nlos miembros de la Mancomunidad de Tentud\u00eda quienes, hace algunas semanas est\u00e1\ntrabajando en un Plan de medidas extraordinarias cuyo alcance ir\u00e1 dirigido a\nlos sectores que han quedado m\u00e1s vulnerables a causa del Estado de Alarma y el\nimpacto causado en el tejido social y empresarial en todo el pa\u00eds.<\/p>\n\n\n\n<p>A\ntrav\u00e9s de este Plan Estrat\u00e9gico, se pretende la reactivaci\u00f3n de distintos\nsectores a trav\u00e9s de tres ejes;<\/p>\n\n\n\n<p>Un\nprimer eje, con una Campa\u00f1a de Sensibilizaci\u00f3n para la generaci\u00f3n de confianza\ny motivaci\u00f3n en toda la ciudadan\u00eda, que pondr\u00e1 su foco de atenci\u00f3n en\nla edici\u00f3n de un v\u00eddeo promocional de la Comarca.<\/p>\n\n\n\n<p>El\nsegundo eje, consiste en un Plan de Activaci\u00f3n de Empleo para familias\ndesfavorecidas a trav\u00e9s de un Fondo Social, con\ncapacidad de contratar entre los meses de Junio y Agosto hasta 100 puestos de\ntrabajos de entre uno y tres meses de duraci\u00f3n para reforzar la limpieza e\nhigiene de todos los municipios.<\/p>\n\n\n\n<p>Consistir\u00e1 en la creaci\u00f3n de Bolsas de Trabajo\norientadas a atender a los sectores m\u00e1s perjudicados, a las familias\ndesfavorecidas y con estas contrataciones habr\u00e1 un m\u00ednimo de 4 personas\ncontratadas cada mes y en cada uno de los municipios para dedicar especial\natenci\u00f3n a la seguridad e higiene de edificios municipales, plazas de abasto, o\nincluso de apoyo a la limpieza del sector privado.<\/p>\n\n\n\n<p>Las personas que trabajar\u00e1n en este cometido deber\u00e1n\nrecibir una formaci\u00f3n espec\u00edfica para ello, de manera on-line, dentro del\ntercer eje de este Plan.&nbsp; <\/p>\n\n\n\n<p>Solamente en este eje del Plan de Medidas\nExtraordinarias la Mancomunidad har\u00e1 un gasto de casi 90.000 euros.<\/p>\n\n\n\n<p>El tercer eje ir\u00e1 encaminado a una serie de acciones\npara la recuperaci\u00f3n Tur\u00edstica en la Comarca, <strong>con\nla creaci\u00f3n de un ambicioso Plan de Formaci\u00f3n, dise\u00f1o e Implantaci\u00f3n de\nprotocolos de actuaci\u00f3n en limpieza y desinfecci\u00f3n COVID-19.<\/strong><\/p>\n\n\n\n<p>El objetivo es el dise\u00f1o e implantaci\u00f3n de un plan\nde actuaci\u00f3n que garantice las condiciones higi\u00e9nico sanitarias para recuperar\nla confianza en el sector tur\u00edstico de la Mancomunidad, pero a la misma vez\nllegando al resto de sectores de la Comarca.<\/p>\n\n\n\n<p>De forma m\u00e1s espec\u00edficas, este Plan de Formaci\u00f3n\npretende capacitar entre unas 600 y 700 empresas de la Comarca, en tres grandes\nfases;<\/p>\n\n\n\n<p>1<strong>.- Plan de formaci\u00f3n continua<\/strong>, donde se\npodr\u00e1n adquirir conocimientos y habilidades necesarios para las labores de\nlimpieza y desinfecci\u00f3n del local, as\u00ed como buenas pr\u00e1cticas de los usuarios en\nel entorno provocado por la aparici\u00f3n del Covid-19.<\/p>\n\n\n\n<p>2.- <strong>Dise\u00f1o y protocolos de actuaci\u00f3n<\/strong>\nadecuados, sencillos y actualizables durante el per\u00edodo de tiempo de la\nimplantaci\u00f3n del Plan. Pretendemos con esto que, el sector al que va dirigido\nel Plan sepa qu\u00e9 medidas de protecci\u00f3n y seguridad debe implementar en su\nnegocio.&nbsp; <\/p>\n\n\n\n<p>3.- <strong>Seguimiento, auditor\u00eda y reporte de informes<\/strong>\nde los establecimientos que implanten el plan de actuaci\u00f3n dise\u00f1ado. Ello,\nllevar\u00e1 a la obtenci\u00f3n de un <strong>Sello<\/strong> que acreditar\u00e1 que el local cumple\nperfectamente con los Protocolos Sanitarios establecidos para ese negocio por\nel propio Ministerio de Sanidad.<\/p>\n\n\n\n<p>Sobre este transcendental Plan de Formaci\u00f3n, la\nMancomunidad de Tentud\u00eda sacar\u00e1 la hoja de ruta en los pr\u00f3ximos d\u00edas para que,\ntodas las empresas que quieran adherirse a \u00e9l de manera gratuita puedan\nhacerlo.<\/p>\n\n\n\n<p>Los sectores a los que va dirigido son pr\u00e1cticamente\nla totalidad de los que est\u00e1n en la Comarca:<\/p>\n\n\n\n<ul class=\"wp-block-list\"><li>El sector\nde la Hosteler\u00eda: Bares y restaurantes.<\/li><li>El sector\ntur\u00edstico: Hoteles, Casas Rurales y alojamientos tur\u00edsticos en general.<\/li><li>El sector\ndel comercio de alimentaci\u00f3n<\/li><li>Otros\ncomercios minoristas.<\/li><li>Los\nempleados en instalaciones tales como museos, instalaciones tur\u00edsticas, gu\u00edas\ntur\u00edsticos, sector de la limpieza el eje 2 del plan, etc..<\/li><li>T\u00e9cnicos\nmunicipales y de la propia Mancomunidad. <strong>&nbsp;<\/strong><\/li><\/ul>\n\n\n\n<p><strong>El\nplan de medidas extraordinarias, en todo su conjunto, llevar\u00e1 de una inversi\u00f3n\ntotal de casi 115.000 euros.<\/strong><\/p>\n","protected":false},"excerpt":{"rendered":"<p>La vuelta a la normalidad o famosa desescalada no va a pasar desapercibida para los miembros de la Mancomunidad de Tentud\u00eda quienes, hace algunas semanas est\u00e1 trabajando en un Plan de medidas extraordinarias cuyo alcance ir\u00e1 dirigido a los sectores que han quedado m\u00e1s vulnerables a causa del Estado de Alarma y el impacto causado [&hellip;]<\/p>\n","protected":false},"author":23,"featured_media":11290,"comment_status":"open","ping_status":"open","sticky":false,"template":"","format":"standard","meta":{"footnotes":""},"categories":[27,37,68,23],"tags":[],"class_list":{"0":"post-11289","1":"post","2":"type-post","3":"status-publish","4":"format-standard","5":"has-post-thumbnail","7":"category-actualidad","8":"category-destacados","9":"category-mancomunidad","10":"category-notas-de-prensa"},"_links":{"self":[{"href":"https:\/\/www.mancomunidaddetentudia.com\/portal\/wp-json\/wp\/v2\/posts\/11289","targetHints":{"allow":["GET"]}}],"collection":[{"href":"https:\/\/www.mancomunidaddetentudia.com\/portal\/wp-json\/wp\/v2\/posts"}],"about":[{"href":"https:\/\/www.mancomunidaddetentudia.com\/portal\/wp-json\/wp\/v2\/types\/post"}],"author":[{"embeddable":true,"href":"https:\/\/www.mancomunidaddetentudia.com\/portal\/wp-json\/wp\/v2\/users\/23"}],"replies":[{"embeddable":true,"href":"https:\/\/www.mancomunidaddetentudia.com\/portal\/wp-json\/wp\/v2\/comments?post=11289"}],"version-history":[{"count":1,"href":"https:\/\/www.mancomunidaddetentudia.com\/portal\/wp-json\/wp\/v2\/posts\/11289\/revisions"}],"predecessor-version":[{"id":11291,"href":"https:\/\/www.mancomunidaddetentudia.com\/portal\/wp-json\/wp\/v2\/posts\/11289\/revisions\/11291"}],"wp:featuredmedia":[{"embeddable":true,"href":"https:\/\/www.mancomunidaddetentudia.com\/portal\/wp-json\/wp\/v2\/media\/11290"}],"wp:attachment":[{"href":"https:\/\/www.mancomunidaddetentudia.com\/portal\/wp-json\/wp\/v2\/media?parent=11289"}],"wp:term":[{"taxonomy":"category","embeddable":true,"href":"https:\/\/www.mancomunidaddetentudia.com\/portal\/wp-json\/wp\/v2\/categories?post=11289"},{"taxonomy":"post_tag","embeddable":true,"href":"https:\/\/www.mancomunidaddetentudia.com\/portal\/wp-json\/wp\/v2\/tags?post=11289"}],"curies":[{"name":"wp","href":"https:\/\/api.w.org\/{rel}","templated":true}]}}