{"id":11448,"date":"2021-01-05T14:52:54","date_gmt":"2021-01-05T13:52:54","guid":{"rendered":"http:\/\/www.mancomunidaddetentudia.com\/portal\/?p=11448"},"modified":"2021-01-05T14:57:12","modified_gmt":"2021-01-05T13:57:12","slug":"el-imex-estudia-un-nuevo-modelo-de-la-red-de-oficinas-de-igualdas-y-violencia-de-genero-para-garantizar-una-atencion-eficaz-y-a-su-vez-proporcionar-estabilidad-profesional","status":"publish","type":"post","link":"https:\/\/www.mancomunidaddetentudia.com\/portal\/el-imex-estudia-un-nuevo-modelo-de-la-red-de-oficinas-de-igualdas-y-violencia-de-genero-para-garantizar-una-atencion-eficaz-y-a-su-vez-proporcionar-estabilidad-profesional\/","title":{"rendered":"EL IMEX ESTUDIA UN NUEVO MODELO DE LA RED DE OFICINAS DE IGUALDAD Y VIOLENCIA DE G\u00c9NERO PARA GARANTIZAR UNA ATENCI\u00d3N EFICAZ Y A SU VEZ PROPORCIONAR  ESTABILIDAD PROFESIONAL"},"content":{"rendered":"\n<p><strong>El Instituto de la Mujer de Extremadura \u2013IMEX- tuvo conocimiento, el pasado 31 de diciembre, del cierre temporal de la Oficina de Igualdad y Violencia de G\u00e9nero de la Mancomunidad de Tentud\u00eda. Ante esta situaci\u00f3n, que se ha dado en diferentes recursos de la red extreme\u00f1a, la Junta de Extremadura, a trav\u00e9s del IMEX, estudia ya la puesta en marcha de un nuevo modelo que mantenga este servicio por todo el territorio regional, a la vez que proporcione una mayor estabilidad, sin interrupciones, en la atenci\u00f3n y asesoramiento a la ciudadan\u00eda, y en el empleo de los profesionales que desempe\u00f1an su labor en las Oficinas de Igualdad.<\/strong><\/p>\n\n\n\n<p>Tambi\u00e9n con el resto de recursos de la red extreme\u00f1a como los Puntos de Atenci\u00f3n Psicol\u00f3gica (PAP).<\/p>\n\n\n\n<p>La Red de Oficinas de Igualdad y de Violencia de G\u00e9nero est\u00e1 financiada \u00edntegramente por la Junta de Extremadura, a trav\u00e9s del IMEX, \u00f3rgano encargado de la subvenci\u00f3n realizada en 2019, dirigida a las mancomunidades y entes locales, para asegurar la financiaci\u00f3n y prestaci\u00f3n del servicio durante los siguientes tres a\u00f1os, a trav\u00e9s de la cual se pretende informar, sensibilizar, formar y asesorar en la implantaci\u00f3n de acciones positivas y de aplicaci\u00f3n de las pol\u00edticas efectivas de igualdad en el territorio. Por lo que son las mancomunidades las encargadas de contratar a los profesionales, estableciendo una relaci\u00f3n contractual con los mismos, para la coordinaci\u00f3n y el desarrollo de los distintos objetivos y acciones.<\/p>\n\n\n\n<p>Por ello, la decisi\u00f3n de no renovar los contratos de los profesionales que desempe\u00f1an su labor en la Red de Oficinas de Igualdad y Violencia de G\u00e9nero es competencia aut\u00f3noma y exclusiva de las mancomunidades. Una decisi\u00f3n que la Junta de Extremadura debe respetar atendiendo al principio de autonom\u00eda local y al convenio suscrito entre ambas administraciones.<\/p>\n\n\n\n<p>En este sentido, la preocupaci\u00f3n del Ejecutivo regional, as\u00ed como la responsabilidad del IMEX y de la Mancomunidad de Tentud\u00eda pasan por garantizar la prestaci\u00f3n de dicho servicio a los ciudadanos y ciudadanas de la Comarca de Tentud\u00eda.<\/p>\n\n\n\n<p>Por ello, el IMEX est\u00e1 en permanente contacto con esta mancomunidad para restablecer y garantizar el servicio de la Oficina de Igualdad y Violencia de G\u00e9nero de Tentud\u00eda hasta que finalice el proceso selectivo del nuevo personal, una cuesti\u00f3n que corresponde, de manera competencial, a dicha mancomunidad, para lo que el Ejecutivo auton\u00f3mico ha pedido una mayor celeridad.<\/p>\n","protected":false},"excerpt":{"rendered":"<p>El Instituto de la Mujer de Extremadura \u2013IMEX- tuvo conocimiento, el pasado 31 de diciembre, del cierre temporal de la Oficina de Igualdad y Violencia de G\u00e9nero de la Mancomunidad de Tentud\u00eda. Ante esta situaci\u00f3n, que se ha dado en diferentes recursos de la red extreme\u00f1a, la Junta de Extremadura, a trav\u00e9s del IMEX, estudia [&hellip;]<\/p>\n","protected":false},"author":23,"featured_media":11449,"comment_status":"open","ping_status":"open","sticky":false,"template":"","format":"standard","meta":{"footnotes":""},"categories":[27,37,68,43],"tags":[],"class_list":{"0":"post-11448","1":"post","2":"type-post","3":"status-publish","4":"format-standard","5":"has-post-thumbnail","7":"category-actualidad","8":"category-destacados","9":"category-mancomunidad","10":"category-igualdad"},"_links":{"self":[{"href":"https:\/\/www.mancomunidaddetentudia.com\/portal\/wp-json\/wp\/v2\/posts\/11448","targetHints":{"allow":["GET"]}}],"collection":[{"href":"https:\/\/www.mancomunidaddetentudia.com\/portal\/wp-json\/wp\/v2\/posts"}],"about":[{"href":"https:\/\/www.mancomunidaddetentudia.com\/portal\/wp-json\/wp\/v2\/types\/post"}],"author":[{"embeddable":true,"href":"https:\/\/www.mancomunidaddetentudia.com\/portal\/wp-json\/wp\/v2\/users\/23"}],"replies":[{"embeddable":true,"href":"https:\/\/www.mancomunidaddetentudia.com\/portal\/wp-json\/wp\/v2\/comments?post=11448"}],"version-history":[{"count":2,"href":"https:\/\/www.mancomunidaddetentudia.com\/portal\/wp-json\/wp\/v2\/posts\/11448\/revisions"}],"predecessor-version":[{"id":11451,"href":"https:\/\/www.mancomunidaddetentudia.com\/portal\/wp-json\/wp\/v2\/posts\/11448\/revisions\/11451"}],"wp:featuredmedia":[{"embeddable":true,"href":"https:\/\/www.mancomunidaddetentudia.com\/portal\/wp-json\/wp\/v2\/media\/11449"}],"wp:attachment":[{"href":"https:\/\/www.mancomunidaddetentudia.com\/portal\/wp-json\/wp\/v2\/media?parent=11448"}],"wp:term":[{"taxonomy":"category","embeddable":true,"href":"https:\/\/www.mancomunidaddetentudia.com\/portal\/wp-json\/wp\/v2\/categories?post=11448"},{"taxonomy":"post_tag","embeddable":true,"href":"https:\/\/www.mancomunidaddetentudia.com\/portal\/wp-json\/wp\/v2\/tags?post=11448"}],"curies":[{"name":"wp","href":"https:\/\/api.w.org\/{rel}","templated":true}]}}