{"id":11594,"date":"2021-04-07T11:05:44","date_gmt":"2021-04-07T10:05:44","guid":{"rendered":"http:\/\/www.mancomunidaddetentudia.com\/portal\/?p=11594"},"modified":"2021-04-07T11:07:59","modified_gmt":"2021-04-07T10:07:59","slug":"el-consumidor-tras-la-tercera-ola-covid-19-compras-online","status":"publish","type":"post","link":"https:\/\/www.mancomunidaddetentudia.com\/portal\/el-consumidor-tras-la-tercera-ola-covid-19-compras-online\/","title":{"rendered":"EL CONSUMIDOR TRAS LA TERCERA OLA COVID-19: COMPRAS ONLINE"},"content":{"rendered":"\n<p>El Consorcio Extreme\u00f1o de Informaci\u00f3n al Consumidor est\u00e1 realizando una encuesta sobre los h\u00e1bitos de compra y consumo en Extremadura realizadas online, dirigida a aquellos consumidores, usuarios de las nuevas tecnolog\u00edas para realizar sus compras.<\/p>\n\n\n\n<p>La pandemia provocada por la Covid-19 est\u00e1 realizando cambios muy significativos en el perfil de los consumidores a nivel global. Desde el punto de vista de sus h\u00e1bitos, preferencias y expectativas, la nueva realidad nos muestra un consumidor m\u00e1s consecuente con el control de su gasto, m\u00e1s vulnerable y m\u00e1s digital. &nbsp;<\/p>\n\n\n\n<p>Durante la \u00abtercera ola Covid\u00bb se comienza a asumir como \u00abnormales\u00bb los cambios que se est\u00e1n consolidando, y en referencia al e-commerce, este se ha convertido en una tendencia al alza objeto de an\u00e1lisis.\u00a0<\/p>\n\n\n\n<p>Le invitamos a rellenar el cuestionario pinchando en el siguiente enlace. Gracias por su colaboraci\u00f3n<em><strong>.<\/strong><\/em><\/p>\n\n\n\n<p><a rel=\"noreferrer noopener\" href=\"https:\/\/eur04.safelinks.protection.outlook.com\/?url=https%3A%2F%2Fforms.gle%2F123agbRY9uEEZLwh6&amp;data=04%7C01%7Crocio.gallegog%40salud-juntaex.es%7Cdc64269b1d6a4720fc2708d8f8faa726%7Cc5ce285034b54dcb8e416db28fe40097%7C0%7C0%7C637533102715904445%7CUnknown%7CTWFpbGZsb3d8eyJWIjoiMC4wLjAwMDAiLCJQIjoiV2luMzIiLCJBTiI6Ik1haWwiLCJXVCI6Mn0%3D%7C1000&amp;sdata=6o6p3AJElLFSgNF93ibIpSaqVxFlKB%2F%2FN92J%2F5t8cKc%3D&amp;reserved=0\" target=\"_blank\">https:\/\/forms.gle\/123agbRY9uEEZLwh6<\/a><\/p>\n","protected":false},"excerpt":{"rendered":"<p>El Consorcio Extreme\u00f1o de Informaci\u00f3n al Consumidor est\u00e1 realizando una encuesta sobre los h\u00e1bitos de compra y consumo en Extremadura realizadas online, dirigida a aquellos consumidores, usuarios de las nuevas tecnolog\u00edas para realizar sus compras. La pandemia provocada por la Covid-19 est\u00e1 realizando cambios muy significativos en el perfil de los consumidores a nivel global. [&hellip;]<\/p>\n","protected":false},"author":23,"featured_media":11595,"comment_status":"open","ping_status":"open","sticky":false,"template":"","format":"standard","meta":{"footnotes":""},"categories":[27,255],"tags":[],"class_list":{"0":"post-11594","1":"post","2":"type-post","3":"status-publish","4":"format-standard","5":"has-post-thumbnail","7":"category-actualidad","8":"category-consumo"},"_links":{"self":[{"href":"https:\/\/www.mancomunidaddetentudia.com\/portal\/wp-json\/wp\/v2\/posts\/11594","targetHints":{"allow":["GET"]}}],"collection":[{"href":"https:\/\/www.mancomunidaddetentudia.com\/portal\/wp-json\/wp\/v2\/posts"}],"about":[{"href":"https:\/\/www.mancomunidaddetentudia.com\/portal\/wp-json\/wp\/v2\/types\/post"}],"author":[{"embeddable":true,"href":"https:\/\/www.mancomunidaddetentudia.com\/portal\/wp-json\/wp\/v2\/users\/23"}],"replies":[{"embeddable":true,"href":"https:\/\/www.mancomunidaddetentudia.com\/portal\/wp-json\/wp\/v2\/comments?post=11594"}],"version-history":[{"count":2,"href":"https:\/\/www.mancomunidaddetentudia.com\/portal\/wp-json\/wp\/v2\/posts\/11594\/revisions"}],"predecessor-version":[{"id":11597,"href":"https:\/\/www.mancomunidaddetentudia.com\/portal\/wp-json\/wp\/v2\/posts\/11594\/revisions\/11597"}],"wp:featuredmedia":[{"embeddable":true,"href":"https:\/\/www.mancomunidaddetentudia.com\/portal\/wp-json\/wp\/v2\/media\/11595"}],"wp:attachment":[{"href":"https:\/\/www.mancomunidaddetentudia.com\/portal\/wp-json\/wp\/v2\/media?parent=11594"}],"wp:term":[{"taxonomy":"category","embeddable":true,"href":"https:\/\/www.mancomunidaddetentudia.com\/portal\/wp-json\/wp\/v2\/categories?post=11594"},{"taxonomy":"post_tag","embeddable":true,"href":"https:\/\/www.mancomunidaddetentudia.com\/portal\/wp-json\/wp\/v2\/tags?post=11594"}],"curies":[{"name":"wp","href":"https:\/\/api.w.org\/{rel}","templated":true}]}}