{"id":11615,"date":"2021-04-26T13:07:53","date_gmt":"2021-04-26T12:07:53","guid":{"rendered":"http:\/\/www.mancomunidaddetentudia.com\/portal\/?p=11615"},"modified":"2021-04-26T13:07:56","modified_gmt":"2021-04-26T12:07:56","slug":"ecolatras-2021-campana-de-concienciacion-recopilacion-y-promocion-de-iniciativas-sostenibles-en-extremadura","status":"publish","type":"post","link":"https:\/\/www.mancomunidaddetentudia.com\/portal\/ecolatras-2021-campana-de-concienciacion-recopilacion-y-promocion-de-iniciativas-sostenibles-en-extremadura\/","title":{"rendered":"EC\u00d3LATRAS 2021: Campa\u00f1a de concienciaci\u00f3n, recopilaci\u00f3n y promoci\u00f3n de iniciativas sostenibles en Extremadura"},"content":{"rendered":"\n<p>En Ec\u00f3latras puedes: Promover iniciativas sostenibles, inscribir tus iniciativas para darlas a conocer, buscar apoyos o conseguir recursos para llevarlas a cabo.Para ser aceptadas, las iniciativas deben estar centradas en mejorar alg\u00fan aspecto concreto relacionado con la sostenibilidad o el consumo responsable en tu entorno local: consumo sostenible, huella de carbono, ahorro de recursos naturales limitados, educaci\u00f3n ecol\u00f3gica, reciclaje de vidrio, etc.<\/p>\n\n\n\n<p>P R E M I O S: <\/p>\n\n\n\n<p>Como premios se establecen un primer premio en el que el <strong>municipio<\/strong> podr\u00e1 elegir entre tres opciones y la suma de 1.500, en concepto de donaci\u00f3n destinados \u00fanica y exclusivamente a una asociaci\u00f3n, ONG o similar de car\u00e1cter social y\/o medioambiental. <strong>Categor\u00eda individual<\/strong>: primer premio de 250\u20ac a la iniciativa sostenible de car\u00e1cter individual de mayor calidad e implicaci\u00f3n y repercusi\u00f3n social y\/o ambiental.<\/p>\n\n\n\n<p>Un segundo premio, que corresponde con la opci\u00f3n de recuperaci\u00f3n, adecuaci\u00f3n o restauraci\u00f3n de una zonaverde del termino <strong>municipal<\/strong>, que incluir\u00e1 una plantaci\u00f3n de especies aut\u00f3ctonas, as\u00ed como la limpieza y desbroce de la misma, junto con una se\u00f1aletica de madera y la suma de 1000\u20ac en concepto de donaci\u00f3n. <strong>Categor\u00eda individual<\/strong> (segundo premio).Se establece un segundo de 200\u20ac a la iniciativa sostenible de car\u00e1cter individual de mayor calidad e implicaci\u00f3n y repercusi\u00f3n social y\/o ambiental.<\/p>\n\n\n\n<p>M\u00e1s informaci\u00f3n en <a rel=\"noreferrer noopener\" href=\"https:\/\/www.ecolatras.es\/por\/extremadura?fbclid=IwAR0z53rbEI8NfxnEdL6i6LOaN6Ruiw5RNe670RbvQNw0R74Q9BNTZ2KG2x4\" target=\"_blank\">https:\/\/www.ecolatras.es\/por\/extremadura<\/a><\/p>\n","protected":false},"excerpt":{"rendered":"<p>En Ec\u00f3latras puedes: Promover iniciativas sostenibles, inscribir tus iniciativas para darlas a conocer, buscar apoyos o conseguir recursos para llevarlas a cabo.Para ser aceptadas, las iniciativas deben estar centradas en mejorar alg\u00fan aspecto concreto relacionado con la sostenibilidad o el consumo responsable en tu entorno local: consumo sostenible, huella de carbono, ahorro de recursos naturales [&hellip;]<\/p>\n","protected":false},"author":23,"featured_media":11616,"comment_status":"open","ping_status":"open","sticky":false,"template":"","format":"standard","meta":{"footnotes":""},"categories":[27,37,24],"tags":[],"class_list":{"0":"post-11615","1":"post","2":"type-post","3":"status-publish","4":"format-standard","5":"has-post-thumbnail","7":"category-actualidad","8":"category-destacados","9":"category-tablon-de-anuncios"},"_links":{"self":[{"href":"https:\/\/www.mancomunidaddetentudia.com\/portal\/wp-json\/wp\/v2\/posts\/11615","targetHints":{"allow":["GET"]}}],"collection":[{"href":"https:\/\/www.mancomunidaddetentudia.com\/portal\/wp-json\/wp\/v2\/posts"}],"about":[{"href":"https:\/\/www.mancomunidaddetentudia.com\/portal\/wp-json\/wp\/v2\/types\/post"}],"author":[{"embeddable":true,"href":"https:\/\/www.mancomunidaddetentudia.com\/portal\/wp-json\/wp\/v2\/users\/23"}],"replies":[{"embeddable":true,"href":"https:\/\/www.mancomunidaddetentudia.com\/portal\/wp-json\/wp\/v2\/comments?post=11615"}],"version-history":[{"count":1,"href":"https:\/\/www.mancomunidaddetentudia.com\/portal\/wp-json\/wp\/v2\/posts\/11615\/revisions"}],"predecessor-version":[{"id":11617,"href":"https:\/\/www.mancomunidaddetentudia.com\/portal\/wp-json\/wp\/v2\/posts\/11615\/revisions\/11617"}],"wp:featuredmedia":[{"embeddable":true,"href":"https:\/\/www.mancomunidaddetentudia.com\/portal\/wp-json\/wp\/v2\/media\/11616"}],"wp:attachment":[{"href":"https:\/\/www.mancomunidaddetentudia.com\/portal\/wp-json\/wp\/v2\/media?parent=11615"}],"wp:term":[{"taxonomy":"category","embeddable":true,"href":"https:\/\/www.mancomunidaddetentudia.com\/portal\/wp-json\/wp\/v2\/categories?post=11615"},{"taxonomy":"post_tag","embeddable":true,"href":"https:\/\/www.mancomunidaddetentudia.com\/portal\/wp-json\/wp\/v2\/tags?post=11615"}],"curies":[{"name":"wp","href":"https:\/\/api.w.org\/{rel}","templated":true}]}}