{"id":11626,"date":"2021-05-05T08:09:13","date_gmt":"2021-05-05T07:09:13","guid":{"rendered":"http:\/\/www.mancomunidaddetentudia.com\/portal\/?p=11626"},"modified":"2021-05-05T08:09:15","modified_gmt":"2021-05-05T07:09:15","slug":"ecolatras-ultimos-dias-para-registrar-tu-iniciativa-sostenible-y-hacerte-con-uno-de-los-premios","status":"publish","type":"post","link":"https:\/\/www.mancomunidaddetentudia.com\/portal\/ecolatras-ultimos-dias-para-registrar-tu-iniciativa-sostenible-y-hacerte-con-uno-de-los-premios\/","title":{"rendered":"EC\u00d3LATRAS: \u00daLTIMOS D\u00cdAS PARA REGISTRAR TU INICIATIVA SOSTENIBLE Y HACERTE CON UNO DE LOS PREMIOS"},"content":{"rendered":"\n<p>Estamos en la recta final y \u00a1Nos faltas t\u00fa! <\/p>\n\n\n\n<p>Desde Ec\u00f3latras queremos poner el nombre de Extremadura en el mapa de la Sostenibilidad. Todas las iniciativas son importantes, todo suma , ahora te toca a ti. <\/p>\n\n\n\n<p>Registra tu iniciativa sostenible en: <a rel=\"noreferrer noopener\" href=\"http:\/\/www.ecolatras.es\/extremadura?fbclid=IwAR0l94JHSDgoWde-8CMNk9L8DPLSTWjAdS1Sh_vukkF-gEj7W8c9qJaYDGA\" target=\"_blank\">www.ecolatras.es\/extremadura<\/a><\/p>\n\n\n\n<p>Es muy sencillo, pero si tienes dudas de qu\u00e9 es una iniciativa sostenible, te ponemos algunos ejemplos, toma nota <img loading=\"lazy\" decoding=\"async\" width=\"16\" height=\"16\" alt=\"\ud83d\udcdd\" src=\"https:\/\/static.xx.fbcdn.net\/images\/emoji.php\/v9\/t25\/1.5\/16\/1f4dd.png\">\u00bfReciclas?, \u00bfTu proyecto es sostenible?, \u00bfUsas la bicicleta para ir al trabajo?, \u00bfTienes un peque\u00f1o huerto? \u00bfUtilizas alternativas para generar menos residuos?<\/p>\n\n\n\n<p>Cada gesto cuenta. Registra el tuyo, es gratuito y solo te llevar\u00e1 unos minutos! Si tienes dudas contacta con nosotros <img loading=\"lazy\" decoding=\"async\" width=\"16\" height=\"16\" alt=\"\ud83d\udcf2\" src=\"https:\/\/static.xx.fbcdn.net\/images\/emoji.php\/v9\/t31\/1.5\/16\/1f4f2.png\"> 666 816 816<\/p>\n\n\n\n<p>PLAZO: hasta el 14 de mayo<\/p>\n","protected":false},"excerpt":{"rendered":"<p>Estamos en la recta final y \u00a1Nos faltas t\u00fa! Desde Ec\u00f3latras queremos poner el nombre de Extremadura en el mapa de la Sostenibilidad. Todas las iniciativas son importantes, todo suma , ahora te toca a ti. Registra tu iniciativa sostenible en: www.ecolatras.es\/extremadura Es muy sencillo, pero si tienes dudas de qu\u00e9 es una iniciativa sostenible, [&hellip;]<\/p>\n","protected":false},"author":23,"featured_media":11627,"comment_status":"open","ping_status":"open","sticky":false,"template":"","format":"standard","meta":{"footnotes":""},"categories":[27,37,24],"tags":[],"class_list":{"0":"post-11626","1":"post","2":"type-post","3":"status-publish","4":"format-standard","5":"has-post-thumbnail","7":"category-actualidad","8":"category-destacados","9":"category-tablon-de-anuncios"},"_links":{"self":[{"href":"https:\/\/www.mancomunidaddetentudia.com\/portal\/wp-json\/wp\/v2\/posts\/11626","targetHints":{"allow":["GET"]}}],"collection":[{"href":"https:\/\/www.mancomunidaddetentudia.com\/portal\/wp-json\/wp\/v2\/posts"}],"about":[{"href":"https:\/\/www.mancomunidaddetentudia.com\/portal\/wp-json\/wp\/v2\/types\/post"}],"author":[{"embeddable":true,"href":"https:\/\/www.mancomunidaddetentudia.com\/portal\/wp-json\/wp\/v2\/users\/23"}],"replies":[{"embeddable":true,"href":"https:\/\/www.mancomunidaddetentudia.com\/portal\/wp-json\/wp\/v2\/comments?post=11626"}],"version-history":[{"count":1,"href":"https:\/\/www.mancomunidaddetentudia.com\/portal\/wp-json\/wp\/v2\/posts\/11626\/revisions"}],"predecessor-version":[{"id":11628,"href":"https:\/\/www.mancomunidaddetentudia.com\/portal\/wp-json\/wp\/v2\/posts\/11626\/revisions\/11628"}],"wp:featuredmedia":[{"embeddable":true,"href":"https:\/\/www.mancomunidaddetentudia.com\/portal\/wp-json\/wp\/v2\/media\/11627"}],"wp:attachment":[{"href":"https:\/\/www.mancomunidaddetentudia.com\/portal\/wp-json\/wp\/v2\/media?parent=11626"}],"wp:term":[{"taxonomy":"category","embeddable":true,"href":"https:\/\/www.mancomunidaddetentudia.com\/portal\/wp-json\/wp\/v2\/categories?post=11626"},{"taxonomy":"post_tag","embeddable":true,"href":"https:\/\/www.mancomunidaddetentudia.com\/portal\/wp-json\/wp\/v2\/tags?post=11626"}],"curies":[{"name":"wp","href":"https:\/\/api.w.org\/{rel}","templated":true}]}}