{"id":11639,"date":"2021-05-17T10:17:17","date_gmt":"2021-05-17T09:17:17","guid":{"rendered":"http:\/\/www.mancomunidaddetentudia.com\/portal\/?p=11639"},"modified":"2021-05-17T10:17:23","modified_gmt":"2021-05-17T09:17:23","slug":"noticiario-de-consumo-15","status":"publish","type":"post","link":"https:\/\/www.mancomunidaddetentudia.com\/portal\/noticiario-de-consumo-15\/","title":{"rendered":"NOTICIARIO DE CONSUMO"},"content":{"rendered":"\n<p><strong>Gu\u00eda para recuperar el dinero de un viaje cancelado por el Covid&nbsp;<\/strong><\/p>\n\n\n\n<p><a href=\"https:\/\/www.diariovasco.com\/economia\/tu-bolsillo\/viajes-cancelados-covid-recuperar-dinero-20210517163600-nt.html?ref=https:%2F%2Fwww.google.com%2F\">https:\/\/www.diariovasco.com\/economia\/tu-bolsillo\/viajes-cancelados-covid-recuperar-dinero-20210517163600-nt.html?ref=https:%2F%2Fwww.google.com%2F<\/a><\/p>\n\n\n\n<p><strong>\u00bfEn qu\u00e9 punto exacto empieza la usura en las tarjetas &#8216;revolving&#8217;?&nbsp;<\/strong><\/p>\n\n\n\n<p><a href=\"https:\/\/www.elcorreo.com\/economia\/tu-economia\/punto-extacto-empieza-20210514212821-nt.html\">https:\/\/www.elcorreo.com\/economia\/tu-economia\/punto-extacto-empieza-20210514212821-nt.html<\/a><\/p>\n\n\n\n<p><strong>M\u00e1s del 80% de los espa\u00f1oles desconoce que en dos semanas cambian las tarifas de la luz que supondr\u00e1n una subida para millones de consumidores&nbsp;<\/strong><\/p>\n\n\n\n<figure class=\"wp-block-embed-wordpress wp-block-embed is-type-wp-embed is-provider-el-periodico-de-la-energia-el-periodico-de-la-energia-con-informacion-diaria-sobre-energia-electrica-eolica-renovable-petroleo-y-gas-mercados-y-legislacion-energetica\"><div class=\"wp-block-embed__wrapper\">\n<blockquote class=\"wp-embedded-content\" data-secret=\"6u61nymG7i\"><a href=\"https:\/\/elperiodicodelaenergia.com\/mas-del-80-de-los-espanoles-desconoce-que-en-dos-semanas-cambian-las-tarifas-de-la-luz-que-supondran-una-subida-para-millones-de-consumidores\/\">M\u00e1s del 80% de los espa\u00f1oles desconoce que en dos semanas cambian las tarifas de la luz que supondr\u00e1n una subida para millones de consumidores<\/a><\/blockquote><iframe loading=\"lazy\" class=\"wp-embedded-content\" sandbox=\"allow-scripts\" security=\"restricted\" style=\"position: absolute; clip: rect(1px, 1px, 1px, 1px);\" title=\"&#171;M\u00e1s del 80% de los espa\u00f1oles desconoce que en dos semanas cambian las tarifas de la luz que supondr\u00e1n una subida para millones de consumidores&#187; &#8212; El Periodico de la Energ\u00eda | El Periodico de la Energ\u00eda con informaci\u00f3n diaria sobre energ\u00eda el\u00e9ctrica, e\u00f3lica, renovable, petr\u00f3leo y gas, mercados y legislaci\u00f3n energ\u00e9tica.\" src=\"https:\/\/elperiodicodelaenergia.com\/mas-del-80-de-los-espanoles-desconoce-que-en-dos-semanas-cambian-las-tarifas-de-la-luz-que-supondran-una-subida-para-millones-de-consumidores\/embed\/#?secret=6u61nymG7i\" data-secret=\"6u61nymG7i\" width=\"600\" height=\"338\" frameborder=\"0\" marginwidth=\"0\" marginheight=\"0\" scrolling=\"no\"><\/iframe>\n<\/div><\/figure>\n\n\n\n<p><strong>Nueva condena al BBVA por cobrar a una cliente de 77 a\u00f1os comisiones modificadas unilateralmente&nbsp;<\/strong><\/p>\n\n\n\n<figure class=\"wp-block-embed-wordpress wp-block-embed is-type-wp-embed is-provider-economist-amp-jurist\"><div class=\"wp-block-embed__wrapper\">\n<iframe loading=\"lazy\" class=\"wp-embedded-content\" sandbox=\"allow-scripts\" security=\"restricted\" title=\"\u00abNueva condena al BBVA por cobrar a una cliente comisiones modificadas unilateralmente\u00bb \u2014 Economist &amp; Jurist\" src=\"https:\/\/www.economistjurist.es\/articulos-juridicos-destacados\/nueva-condena-al-bbva-por-cobrar-a-una-cliente-de-77-anos-comisiones-modificadas-unilateralmente\/embed\/#?secret=lcGH0mpyIL\" data-secret=\"lcGH0mpyIL\" width=\"600\" height=\"338\" frameborder=\"0\" marginwidth=\"0\" marginheight=\"0\" scrolling=\"no\"><\/iframe>\n<\/div><\/figure>\n\n\n\n<p>&nbsp;<strong>Puedes reclamar una indemnizaci\u00f3n de 150 euros si tienes alguna de estas impresoras&nbsp;<\/strong><\/p>\n\n\n\n<p><a href=\"https:\/\/www.elcomercio.es\/sociedad\/puedes-reclamar-indemnizacion-20210513100751-nt.html\">https:\/\/www.elcomercio.es\/sociedad\/puedes-reclamar-indemnizacion-20210513100751-nt.html<\/a><\/p>\n","protected":false},"excerpt":{"rendered":"<p>Gu\u00eda para recuperar el dinero de un viaje cancelado por el Covid&nbsp; https:\/\/www.diariovasco.com\/economia\/tu-bolsillo\/viajes-cancelados-covid-recuperar-dinero-20210517163600-nt.html?ref=https:%2F%2Fwww.google.com%2F \u00bfEn qu\u00e9 punto exacto empieza la usura en las tarjetas &#8216;revolving&#8217;?&nbsp; https:\/\/www.elcorreo.com\/economia\/tu-economia\/punto-extacto-empieza-20210514212821-nt.html M\u00e1s del 80% de los espa\u00f1oles desconoce que en dos semanas cambian las tarifas de la luz que supondr\u00e1n una subida para millones de consumidores&nbsp; Nueva condena al BBVA por [&hellip;]<\/p>\n","protected":false},"author":23,"featured_media":11640,"comment_status":"open","ping_status":"open","sticky":false,"template":"","format":"standard","meta":{"footnotes":""},"categories":[27,255,24],"tags":[],"class_list":{"0":"post-11639","1":"post","2":"type-post","3":"status-publish","4":"format-standard","5":"has-post-thumbnail","7":"category-actualidad","8":"category-consumo","9":"category-tablon-de-anuncios"},"_links":{"self":[{"href":"https:\/\/www.mancomunidaddetentudia.com\/portal\/wp-json\/wp\/v2\/posts\/11639","targetHints":{"allow":["GET"]}}],"collection":[{"href":"https:\/\/www.mancomunidaddetentudia.com\/portal\/wp-json\/wp\/v2\/posts"}],"about":[{"href":"https:\/\/www.mancomunidaddetentudia.com\/portal\/wp-json\/wp\/v2\/types\/post"}],"author":[{"embeddable":true,"href":"https:\/\/www.mancomunidaddetentudia.com\/portal\/wp-json\/wp\/v2\/users\/23"}],"replies":[{"embeddable":true,"href":"https:\/\/www.mancomunidaddetentudia.com\/portal\/wp-json\/wp\/v2\/comments?post=11639"}],"version-history":[{"count":1,"href":"https:\/\/www.mancomunidaddetentudia.com\/portal\/wp-json\/wp\/v2\/posts\/11639\/revisions"}],"predecessor-version":[{"id":11641,"href":"https:\/\/www.mancomunidaddetentudia.com\/portal\/wp-json\/wp\/v2\/posts\/11639\/revisions\/11641"}],"wp:featuredmedia":[{"embeddable":true,"href":"https:\/\/www.mancomunidaddetentudia.com\/portal\/wp-json\/wp\/v2\/media\/11640"}],"wp:attachment":[{"href":"https:\/\/www.mancomunidaddetentudia.com\/portal\/wp-json\/wp\/v2\/media?parent=11639"}],"wp:term":[{"taxonomy":"category","embeddable":true,"href":"https:\/\/www.mancomunidaddetentudia.com\/portal\/wp-json\/wp\/v2\/categories?post=11639"},{"taxonomy":"post_tag","embeddable":true,"href":"https:\/\/www.mancomunidaddetentudia.com\/portal\/wp-json\/wp\/v2\/tags?post=11639"}],"curies":[{"name":"wp","href":"https:\/\/api.w.org\/{rel}","templated":true}]}}