{"id":11653,"date":"2021-05-31T08:45:43","date_gmt":"2021-05-31T07:45:43","guid":{"rendered":"http:\/\/www.mancomunidaddetentudia.com\/portal\/?p=11653"},"modified":"2021-05-31T08:45:46","modified_gmt":"2021-05-31T07:45:46","slug":"noticiario-de-consumo-17","status":"publish","type":"post","link":"https:\/\/www.mancomunidaddetentudia.com\/portal\/noticiario-de-consumo-17\/","title":{"rendered":"NOTICIARIO DE CONSUMO"},"content":{"rendered":"\n<p><strong>La nueva factura de la luz: \u00bfqu\u00e9 electrodom\u00e9sticos y dispositivos consumen m\u00e1s energ\u00eda?&nbsp;<\/strong><\/p>\n\n\n\n<p><a href=\"https:\/\/www.diariodenavarra.es\/noticias\/negocios\/economia\/2021\/05\/19\/la-nueva-factura-luz-que-electrodomesticos-consumen-mas-727309-1033.html\">https:\/\/www.diariodenavarra.es\/noticias\/negocios\/economia\/2021\/05\/19\/la-nueva-factura-luz-que-electrodomesticos-consumen-mas-727309-1033.html<\/a><\/p>\n\n\n\n<p><strong>\u00bfC\u00f3mo nos afecta la nueva Ley de Consumidores?&nbsp;<\/strong><\/p>\n\n\n\n<p><a href=\"https:\/\/www.muypymes.com\/2021\/05\/25\/afecta-nueva-ley-consumidores\">https:\/\/www.muypymes.com\/2021\/05\/25\/afecta-nueva-ley-consumidores<\/a><\/p>\n\n\n\n<p><strong>Aseguradoras y corredoras de seguros se suman al comercio electr\u00f3nico para que usuarios puedan comparar y comprar&nbsp;<\/strong><\/p>\n\n\n\n<p><a href=\"https:\/\/www.elfinancierocr.com\/finanzas\/aseguradoras-y-corredoras-de-seguros-se-suman-al\/WBAHLBUI4NBEBGRWWJJSG52E4Q\/story\/\">https:\/\/www.elfinancierocr.com\/finanzas\/aseguradoras-y-corredoras-de-seguros-se-suman-al\/WBAHLBUI4NBEBGRWWJJSG52E4Q\/story\/<\/a><\/p>\n\n\n\n<p><strong>Claves para evitar disgustos en la reserva de los vuelos y las vacaciones de verano&nbsp;<\/strong><\/p>\n\n\n\n<p><a href=\"https:\/\/www.vozpopuli.com\/economia_y_finanzas\/claves-reserva-vuelos-hoteles-vacaciones.html\">https:\/\/www.vozpopuli.com\/economia_y_finanzas\/claves-reserva-vuelos-hoteles-vacaciones.html<\/a><\/p>\n","protected":false},"excerpt":{"rendered":"<p>La nueva factura de la luz: \u00bfqu\u00e9 electrodom\u00e9sticos y dispositivos consumen m\u00e1s energ\u00eda?&nbsp; https:\/\/www.diariodenavarra.es\/noticias\/negocios\/economia\/2021\/05\/19\/la-nueva-factura-luz-que-electrodomesticos-consumen-mas-727309-1033.html \u00bfC\u00f3mo nos afecta la nueva Ley de Consumidores?&nbsp; https:\/\/www.muypymes.com\/2021\/05\/25\/afecta-nueva-ley-consumidores Aseguradoras y corredoras de seguros se suman al comercio electr\u00f3nico para que usuarios puedan comparar y comprar&nbsp; https:\/\/www.elfinancierocr.com\/finanzas\/aseguradoras-y-corredoras-de-seguros-se-suman-al\/WBAHLBUI4NBEBGRWWJJSG52E4Q\/story\/ Claves para evitar disgustos en la reserva de los vuelos y las vacaciones de [&hellip;]<\/p>\n","protected":false},"author":23,"featured_media":11654,"comment_status":"open","ping_status":"open","sticky":false,"template":"","format":"standard","meta":{"footnotes":""},"categories":[27,255,24],"tags":[],"class_list":{"0":"post-11653","1":"post","2":"type-post","3":"status-publish","4":"format-standard","5":"has-post-thumbnail","7":"category-actualidad","8":"category-consumo","9":"category-tablon-de-anuncios"},"_links":{"self":[{"href":"https:\/\/www.mancomunidaddetentudia.com\/portal\/wp-json\/wp\/v2\/posts\/11653","targetHints":{"allow":["GET"]}}],"collection":[{"href":"https:\/\/www.mancomunidaddetentudia.com\/portal\/wp-json\/wp\/v2\/posts"}],"about":[{"href":"https:\/\/www.mancomunidaddetentudia.com\/portal\/wp-json\/wp\/v2\/types\/post"}],"author":[{"embeddable":true,"href":"https:\/\/www.mancomunidaddetentudia.com\/portal\/wp-json\/wp\/v2\/users\/23"}],"replies":[{"embeddable":true,"href":"https:\/\/www.mancomunidaddetentudia.com\/portal\/wp-json\/wp\/v2\/comments?post=11653"}],"version-history":[{"count":1,"href":"https:\/\/www.mancomunidaddetentudia.com\/portal\/wp-json\/wp\/v2\/posts\/11653\/revisions"}],"predecessor-version":[{"id":11655,"href":"https:\/\/www.mancomunidaddetentudia.com\/portal\/wp-json\/wp\/v2\/posts\/11653\/revisions\/11655"}],"wp:featuredmedia":[{"embeddable":true,"href":"https:\/\/www.mancomunidaddetentudia.com\/portal\/wp-json\/wp\/v2\/media\/11654"}],"wp:attachment":[{"href":"https:\/\/www.mancomunidaddetentudia.com\/portal\/wp-json\/wp\/v2\/media?parent=11653"}],"wp:term":[{"taxonomy":"category","embeddable":true,"href":"https:\/\/www.mancomunidaddetentudia.com\/portal\/wp-json\/wp\/v2\/categories?post=11653"},{"taxonomy":"post_tag","embeddable":true,"href":"https:\/\/www.mancomunidaddetentudia.com\/portal\/wp-json\/wp\/v2\/tags?post=11653"}],"curies":[{"name":"wp","href":"https:\/\/api.w.org\/{rel}","templated":true}]}}