{"id":11813,"date":"2021-10-08T07:17:33","date_gmt":"2021-10-08T06:17:33","guid":{"rendered":"http:\/\/www.mancomunidaddetentudia.com\/portal\/?p=11813"},"modified":"2021-10-08T07:17:36","modified_gmt":"2021-10-08T06:17:36","slug":"dia-internacional-de-las-mujeres-rurales-en-tentudia","status":"publish","type":"post","link":"https:\/\/www.mancomunidaddetentudia.com\/portal\/dia-internacional-de-las-mujeres-rurales-en-tentudia\/","title":{"rendered":"D\u00cdA INTERNACIONAL DE LAS MUJERES RURALES EN TENTUD\u00cdA"},"content":{"rendered":"\n<p>Con motivo del 15 de octubre del 2021, \u00abD\u00eda Internacional de las Mujeres Rurales\u00bb, queremos continuar con la labor que se lleva realizando estos \u00faltimos a\u00f1os, reconociendo el papel de las mujeres de nuestra Mancomunidad.<\/p>\n\n\n\n<p>Si conoc\u00e9is alguna mujer de la zona que sea merecedora de este reconocimiento por su historia de vida en el mundo rural, que quiera contar alg\u00fan hecho o momento concreto con repercusi\u00f3n en su entorno en cuanto al papel de la mujer y la mejora en la consecuci\u00f3n de la igualdad de oportunidades entre hombres y mujeres, etc. nos gustar\u00eda que nos las hicierais llegar.<\/p>\n\n\n\n<p>El objetivo es visibilizar la labor de las mujeres de nuestros pueblos, por lo tanto, algunas de las historias ser\u00e1n publicadas en las redes sociales de la Oficina de igualdad y Violencia de G\u00e9nero de la Mancomunidad de Tentud\u00eda el d\u00eda 15 de octubre.<br>\u25aa\ufe0fInstagram: @oficinaigualdadtentudia<br>\u25aa\ufe0fFacebook: OIYVGTENTUDIA<\/p>\n\n\n\n<p>El formato para ello es libre, adaptado a las necesidades de cada una, puede ser de forma escrita, mediante im\u00e1genes acompa\u00f1adas de texto o a trav\u00e9s de un audio o video relatando algunos hechos significativos de su historia vital.<\/p>\n\n\n\n<p>Pod\u00e9is envi\u00e1rnoslo por WhatsApp: 608 98 83 58 o por correo: <a href=\"mailto:oitentudia@juntaex.es\">oitentudia@juntaex.es<\/a> <br>Se aceptan propuestas hasta el <strong>jueves 13 de octubre<\/strong> de 2021<\/p>\n","protected":false},"excerpt":{"rendered":"<p>Con motivo del 15 de octubre del 2021, \u00abD\u00eda Internacional de las Mujeres Rurales\u00bb, queremos continuar con la labor que se lleva realizando estos \u00faltimos a\u00f1os, reconociendo el papel de las mujeres de nuestra Mancomunidad. Si conoc\u00e9is alguna mujer de la zona que sea merecedora de este reconocimiento por su historia de vida en el [&hellip;]<\/p>\n","protected":false},"author":23,"featured_media":11814,"comment_status":"open","ping_status":"open","sticky":false,"template":"","format":"standard","meta":{"footnotes":""},"categories":[27,37,68,43,24],"tags":[],"class_list":{"0":"post-11813","1":"post","2":"type-post","3":"status-publish","4":"format-standard","5":"has-post-thumbnail","7":"category-actualidad","8":"category-destacados","9":"category-mancomunidad","10":"category-igualdad","11":"category-tablon-de-anuncios"},"_links":{"self":[{"href":"https:\/\/www.mancomunidaddetentudia.com\/portal\/wp-json\/wp\/v2\/posts\/11813","targetHints":{"allow":["GET"]}}],"collection":[{"href":"https:\/\/www.mancomunidaddetentudia.com\/portal\/wp-json\/wp\/v2\/posts"}],"about":[{"href":"https:\/\/www.mancomunidaddetentudia.com\/portal\/wp-json\/wp\/v2\/types\/post"}],"author":[{"embeddable":true,"href":"https:\/\/www.mancomunidaddetentudia.com\/portal\/wp-json\/wp\/v2\/users\/23"}],"replies":[{"embeddable":true,"href":"https:\/\/www.mancomunidaddetentudia.com\/portal\/wp-json\/wp\/v2\/comments?post=11813"}],"version-history":[{"count":1,"href":"https:\/\/www.mancomunidaddetentudia.com\/portal\/wp-json\/wp\/v2\/posts\/11813\/revisions"}],"predecessor-version":[{"id":11815,"href":"https:\/\/www.mancomunidaddetentudia.com\/portal\/wp-json\/wp\/v2\/posts\/11813\/revisions\/11815"}],"wp:featuredmedia":[{"embeddable":true,"href":"https:\/\/www.mancomunidaddetentudia.com\/portal\/wp-json\/wp\/v2\/media\/11814"}],"wp:attachment":[{"href":"https:\/\/www.mancomunidaddetentudia.com\/portal\/wp-json\/wp\/v2\/media?parent=11813"}],"wp:term":[{"taxonomy":"category","embeddable":true,"href":"https:\/\/www.mancomunidaddetentudia.com\/portal\/wp-json\/wp\/v2\/categories?post=11813"},{"taxonomy":"post_tag","embeddable":true,"href":"https:\/\/www.mancomunidaddetentudia.com\/portal\/wp-json\/wp\/v2\/tags?post=11813"}],"curies":[{"name":"wp","href":"https:\/\/api.w.org\/{rel}","templated":true}]}}