{"id":11820,"date":"2021-10-19T07:17:35","date_gmt":"2021-10-19T06:17:35","guid":{"rendered":"http:\/\/www.mancomunidaddetentudia.com\/portal\/?p=11820"},"modified":"2021-10-19T07:17:44","modified_gmt":"2021-10-19T06:17:44","slug":"noticiario-de-consumo-29","status":"publish","type":"post","link":"https:\/\/www.mancomunidaddetentudia.com\/portal\/noticiario-de-consumo-29\/","title":{"rendered":"NOTICIARIO DE CONSUMO"},"content":{"rendered":"\n<p><strong>Un cargador com\u00fan: ventajas para los consumidores y el medioambiente&nbsp;<\/strong><\/p>\n\n\n\n<p><a href=\"https:\/\/www.europarl.europa.eu\/news\/es\/headlines\/society\/20211008STO14517\/un-cargador-comun-ventajas-para-los-consumidores-y-el-medioambiente\">https:\/\/www.europarl.europa.eu\/news\/es\/headlines\/society\/20211008STO14517\/un-cargador-comun-ventajas-para-los-consumidores-y-el-medioambiente<\/a><\/p>\n\n\n\n<p><strong>El Gobierno reforzar\u00e1 el bono social para los consumidores vulnerables&nbsp;<\/strong><\/p>\n\n\n\n<p><a href=\"https:\/\/www.elperiodico.com\/es\/economia\/20211014\/gobierno-bono-social-consumidores-vulnerables-12247474\">https:\/\/www.elperiodico.com\/es\/economia\/20211014\/gobierno-bono-social-consumidores-vulnerables-12247474<\/a><\/p>\n\n\n\n<p><strong>\u00bfSubir\u00e1 el gas natural en invierno igual que lo ha hecho la luz?&nbsp;<\/strong><\/p>\n\n\n\n<p><a href=\"https:\/\/www.ondacero.es\/noticias\/economia\/subira-gas-natural-invierno-igual-que-hecho-luz_20211017616cf2145cf06800019ca8ed.html\">https:\/\/www.ondacero.es\/noticias\/economia\/subira-gas-natural-invierno-igual-que-hecho-luz_20211017616cf2145cf06800019ca8ed.html<\/a><\/p>\n\n\n\n<p><strong>C\u00f3mo reclamar con \u00e9xito una \u201crevolving\u201d&nbsp;<\/strong><\/p>\n\n\n\n<figure class=\"wp-block-embed-wordpress wp-block-embed is-type-wp-embed is-provider-economist-amp-jurist\"><div class=\"wp-block-embed__wrapper\">\n<blockquote class=\"wp-embedded-content\" data-secret=\"ZBeeaSagxH\"><a href=\"https:\/\/www.economistjurist.es\/articulos-juridicos-destacados\/consultorio-juridico-como-reclamar-con-exito-una-revolving\/\">Consultorio jur\u00eddico: c\u00f3mo reclamar con \u00e9xito una &#8220;revolving&#8221;<\/a><\/blockquote><iframe loading=\"lazy\" class=\"wp-embedded-content\" sandbox=\"allow-scripts\" security=\"restricted\" style=\"position: absolute; clip: rect(1px, 1px, 1px, 1px);\" title=\"\u00abConsultorio jur\u00eddico: c\u00f3mo reclamar con \u00e9xito una &#8220;revolving&#8221;\u00bb \u2014 Economist &amp; Jurist\" src=\"https:\/\/www.economistjurist.es\/articulos-juridicos-destacados\/consultorio-juridico-como-reclamar-con-exito-una-revolving\/embed\/#?secret=ZBeeaSagxH\" data-secret=\"ZBeeaSagxH\" width=\"600\" height=\"338\" frameborder=\"0\" marginwidth=\"0\" marginheight=\"0\" scrolling=\"no\"><\/iframe>\n<\/div><\/figure>\n\n\n\n<p><strong>Novedades en las compraventas de bienes de consumo en materia de defensa de los consumidores&nbsp;<\/strong><\/p>\n\n\n\n<p><a href=\"https:\/\/www.legaltoday.com\/practica-juridica\/derecho-civil\/civil\/novedades-en-las-compraventas-de-bienes-de-consumo-en-materia-de-defensa-de-los-consumidores-2021-10-18\/\">https:\/\/www.legaltoday.com\/practica-juridica\/derecho-civil\/civil\/novedades-en-las-compraventas-de-bienes-de-consumo-en-materia-de-defensa-de-los-consumidores-2021-10-18\/<\/a><\/p>\n\n\n\n<p><strong>La nueva norma que afecta al pago con dinero en met\u00e1lico&nbsp;<\/strong><\/p>\n\n\n\n<p><a href=\"https:\/\/www.ideal.es\/sociedad\/nueva-norma-afecta-20211016183449-nt.html\">https:\/\/www.ideal.es\/sociedad\/nueva-norma-afecta-20211016183449-nt.html<\/a><\/p>\n","protected":false},"excerpt":{"rendered":"<p>Un cargador com\u00fan: ventajas para los consumidores y el medioambiente&nbsp; https:\/\/www.europarl.europa.eu\/news\/es\/headlines\/society\/20211008STO14517\/un-cargador-comun-ventajas-para-los-consumidores-y-el-medioambiente El Gobierno reforzar\u00e1 el bono social para los consumidores vulnerables&nbsp; https:\/\/www.elperiodico.com\/es\/economia\/20211014\/gobierno-bono-social-consumidores-vulnerables-12247474 \u00bfSubir\u00e1 el gas natural en invierno igual que lo ha hecho la luz?&nbsp; https:\/\/www.ondacero.es\/noticias\/economia\/subira-gas-natural-invierno-igual-que-hecho-luz_20211017616cf2145cf06800019ca8ed.html C\u00f3mo reclamar con \u00e9xito una \u201crevolving\u201d&nbsp; Novedades en las compraventas de bienes de consumo en materia de defensa de [&hellip;]<\/p>\n","protected":false},"author":23,"featured_media":11821,"comment_status":"open","ping_status":"open","sticky":false,"template":"","format":"standard","meta":{"footnotes":""},"categories":[27,255,24],"tags":[],"class_list":{"0":"post-11820","1":"post","2":"type-post","3":"status-publish","4":"format-standard","5":"has-post-thumbnail","7":"category-actualidad","8":"category-consumo","9":"category-tablon-de-anuncios"},"_links":{"self":[{"href":"https:\/\/www.mancomunidaddetentudia.com\/portal\/wp-json\/wp\/v2\/posts\/11820","targetHints":{"allow":["GET"]}}],"collection":[{"href":"https:\/\/www.mancomunidaddetentudia.com\/portal\/wp-json\/wp\/v2\/posts"}],"about":[{"href":"https:\/\/www.mancomunidaddetentudia.com\/portal\/wp-json\/wp\/v2\/types\/post"}],"author":[{"embeddable":true,"href":"https:\/\/www.mancomunidaddetentudia.com\/portal\/wp-json\/wp\/v2\/users\/23"}],"replies":[{"embeddable":true,"href":"https:\/\/www.mancomunidaddetentudia.com\/portal\/wp-json\/wp\/v2\/comments?post=11820"}],"version-history":[{"count":1,"href":"https:\/\/www.mancomunidaddetentudia.com\/portal\/wp-json\/wp\/v2\/posts\/11820\/revisions"}],"predecessor-version":[{"id":11822,"href":"https:\/\/www.mancomunidaddetentudia.com\/portal\/wp-json\/wp\/v2\/posts\/11820\/revisions\/11822"}],"wp:featuredmedia":[{"embeddable":true,"href":"https:\/\/www.mancomunidaddetentudia.com\/portal\/wp-json\/wp\/v2\/media\/11821"}],"wp:attachment":[{"href":"https:\/\/www.mancomunidaddetentudia.com\/portal\/wp-json\/wp\/v2\/media?parent=11820"}],"wp:term":[{"taxonomy":"category","embeddable":true,"href":"https:\/\/www.mancomunidaddetentudia.com\/portal\/wp-json\/wp\/v2\/categories?post=11820"},{"taxonomy":"post_tag","embeddable":true,"href":"https:\/\/www.mancomunidaddetentudia.com\/portal\/wp-json\/wp\/v2\/tags?post=11820"}],"curies":[{"name":"wp","href":"https:\/\/api.w.org\/{rel}","templated":true}]}}