{"id":11823,"date":"2021-10-19T07:30:18","date_gmt":"2021-10-19T06:30:18","guid":{"rendered":"http:\/\/www.mancomunidaddetentudia.com\/portal\/?p=11823"},"modified":"2021-10-19T07:30:20","modified_gmt":"2021-10-19T06:30:20","slug":"i-premios-nuestra-provincia-por-la-igualdad","status":"publish","type":"post","link":"https:\/\/www.mancomunidaddetentudia.com\/portal\/i-premios-nuestra-provincia-por-la-igualdad\/","title":{"rendered":"I PREMIOS \u00abNUESTRA PROVINCIA POR LA IGUALDAD\u00bb"},"content":{"rendered":"\n<p>El <strong>objetivo de estos premios\u00a0<\/strong>es otorgar reconocimiento p\u00fablico al trabajo desarrollado en la provincia de Badajoz en favor de los derechos de las mujeres, en la lucha contra la discriminaci\u00f3n por raz\u00f3n de sexo y que hayan contribuido a la consecuci\u00f3n de la igualdad de oportunidades entre mujeres y hombres.<\/p>\n\n\n\n<p><br>Hay 6 CATEGOR\u00cdAS DE PREMIOS:<br>1. <strong>Instituciones o centros p\u00fablicos<\/strong>: que hayan puesto en marcha o desarrollen proyectos o programas que de modo trasversal promuevan la igualdad entre hombres y mujeres.<br>2. <strong>Asociaciones, federaciones o colectivos de mujeres: <\/strong>\u00a0que lleven a cabo programas y proyectos dirigidos a la consecuci\u00f3n de la igualdad efectiva entre hombres y mujeres, as\u00ed como aquellas que desarrollen acciones dirigidas a la erradicaci\u00f3n de la violencia de g\u00e9nero frente a las mujeres as\u00ed como a sus hijos e hijas.<br>3. <strong>Empresas, cooperativas sociales u otras entidades privadas:<\/strong> que promuevan en su funcionamiento pol\u00edticas de igualdad encaminadas a favorecer la conciliaci\u00f3n entre la vida familiar y profesional, paridad en sus \u00f3rganos de direcci\u00f3n, as\u00ed como la lucha contra la brecha salarial entre hombres y mujeres.<br>4. <strong>J\u00f3venes por la igualdad:<\/strong> iniciativas y proyectos llevadas a cabo por personas f\u00edsicas o jur\u00eddicas, p\u00fablicas o privadas que promuevan acciones de sensibilizaci\u00f3n para la garant\u00eda de los derechos de ni\u00f1os, ni\u00f1as y adolescentes y que promuevan la igualdad de g\u00e9nero desde la infancia y la adolescencia.<br>5.<strong> Pionera de la provincia:<\/strong> personas f\u00edsicas y hace referencia a aquellas mujeres de la provincia de Badajoz que han destacado por ser pioneras en sus profesiones, rompiendo los roles y estereotipos de g\u00e9nero, venciendo la discriminaci\u00f3n por raz\u00f3n sexo, y\/o han destacado en su lucha por la igualdad real entre mujeres y hombres en el desempe\u00f1o de su labor profesional.<br>6. <strong>Charo Cordero 2021: <\/strong>a persona f\u00edsica o jur\u00eddica, entidad p\u00fablica o privada que a nivel nacional y\/o regional que a lo largo del a\u00f1o 2021, haya desempe\u00f1ado un papel relevante para la consecuci\u00f3n de la igualdad real entre hombres y mujeres, reivindicando el papel de la mujer en \u00e1mbitos donde est\u00e9 subrepresentada y\/o haya contribuido con sus acciones a la erradicaci\u00f3n de la violencia de g\u00e9nero frente a las mujeres y sus hijos e hijas.<\/p>\n\n\n\n<p><br><strong>CRITERIOS DE VALORACI\u00d3N.<\/strong> Se valorar\u00e1n con un m\u00e1ximo de 25 puntos, para cada una de las categor\u00edas, los proyectos presentados de acuerdo a los siguientes criterios:<br>a) Proyectos, actividades o iniciativas que impulsen las pol\u00edticas de igualdad de g\u00e9nero llevados a cabo por las distintas entidades de las categor\u00edas descritas.b) Acciones que impulsen la elaboraci\u00f3n, seguimiento y evaluaci\u00f3n de Planes de Igualdad respecto a las distintas entidades de las categor\u00edas descritas. En los Planes de Igualdad se tendr\u00e1 en cuenta la implantaci\u00f3n de medidas para facilitar la conciliaci\u00f3n de la vida familiar y laboral, la erradicaci\u00f3n de la discriminaci\u00f3n por raz\u00f3n de sexo y acoso sexual.c) Proyectos, actividades o iniciativas que otorguen visibilidad a las mujeres rurales en todos los \u00e1mbitos: \u00e1mbito social, educaci\u00f3n, pol\u00edtico, empresarial, cient\u00edfico tecnol\u00f3gico, cultura, deportes, etc. con el objetivo de poner en valor su trabajo como motor de progreso de nuestros pueblosd) Proyectos, actividades o iniciativas para la sensibilizaci\u00f3n, prevenci\u00f3n y erradicaci\u00f3n de la violencia machista en todas sus manifestaciones.e) Proyectos, actividades o iniciativas que tengan como objetivo la visibilizaci\u00f3n de las mujeres en el lenguaje, con acciones que fomenten la erradicaci\u00f3n del lenguaje sexista y\/o promoci\u00f3n del lenguaje inclusivo e im\u00e1genes no sexistas as\u00ed como la ruptura de los roles sexistas.f) En la categor\u00eda V, \u00abPioneras\u00bb se entrega exclusivamente a personas f\u00edsicas y hace referencia a aquellas mujeres de la provincia de Badajoz que han destacado por ser pioneras en su profesiones, rompiendo los roles y estereotipos de g\u00e9nero, venciendo la discriminaci\u00f3n por raz\u00f3n sexo, y\/o han destacado en su lucha por la igualdad real entre mujeres y hombres en el desempe\u00f1o de su labor profesional. Para ello se debe acreditar en la memoria la raz\u00f3n del otorgamiento de dicho premio a esta \u00abPIONERA\u00bb.<\/p>\n\n\n\n<p><br>El <strong>PREMIO <\/strong>consiste en un <strong>importe de 2.500\u20ac por cada categor\u00eda, as\u00ed como un detalle conmemorativo.<\/strong><br>Para <strong>solicitarlo<\/strong> es necesario:<br><strong>1<\/strong>. Anexo I: Solicitud<br><strong>2.<\/strong> Certificado expedido por la secretar\u00eda u \u00f3rgano equivalente de la entidad solicitante que acredite que la solicitud se ha formulado por el \u00f3rgano competente<br><strong>3<\/strong>. Memoria justificativa de las razones y m\u00e9ritos que hagan a la candidatura propuesta merecedora de la concesi\u00f3n del premio, identificando las personas, proyectos, actividades o trabajos que se han realizado.<\/p>\n\n\n\n<p><br><strong>La solicitud se puede presentar en Mancomunidad, Ayuntamientos y Oficina de Igualdad.<\/strong><br><strong>PLAZO DE PRESENTACI\u00d3N<\/strong>: 20 d\u00edas naturales desde su publicaci\u00f3n en BOP (HASTA 4 NOVIEMBRE)<br><br><br>Cualquier duda pod\u00e9is contactar con nuestras agentes de la Oficina de Igualdad y Violencia de G\u00e9nero (<strong>924 516 108 &#8211; 608 988 358<\/strong>)<\/p>\n","protected":false},"excerpt":{"rendered":"<p>El objetivo de estos premios\u00a0es otorgar reconocimiento p\u00fablico al trabajo desarrollado en la provincia de Badajoz en favor de los derechos de las mujeres, en la lucha contra la discriminaci\u00f3n por raz\u00f3n de sexo y que hayan contribuido a la consecuci\u00f3n de la igualdad de oportunidades entre mujeres y hombres. Hay 6 CATEGOR\u00cdAS DE PREMIOS:1. [&hellip;]<\/p>\n","protected":false},"author":23,"featured_media":11824,"comment_status":"open","ping_status":"open","sticky":false,"template":"","format":"standard","meta":{"footnotes":""},"categories":[27,37,43,24],"tags":[],"class_list":{"0":"post-11823","1":"post","2":"type-post","3":"status-publish","4":"format-standard","5":"has-post-thumbnail","7":"category-actualidad","8":"category-destacados","9":"category-igualdad","10":"category-tablon-de-anuncios"},"_links":{"self":[{"href":"https:\/\/www.mancomunidaddetentudia.com\/portal\/wp-json\/wp\/v2\/posts\/11823","targetHints":{"allow":["GET"]}}],"collection":[{"href":"https:\/\/www.mancomunidaddetentudia.com\/portal\/wp-json\/wp\/v2\/posts"}],"about":[{"href":"https:\/\/www.mancomunidaddetentudia.com\/portal\/wp-json\/wp\/v2\/types\/post"}],"author":[{"embeddable":true,"href":"https:\/\/www.mancomunidaddetentudia.com\/portal\/wp-json\/wp\/v2\/users\/23"}],"replies":[{"embeddable":true,"href":"https:\/\/www.mancomunidaddetentudia.com\/portal\/wp-json\/wp\/v2\/comments?post=11823"}],"version-history":[{"count":1,"href":"https:\/\/www.mancomunidaddetentudia.com\/portal\/wp-json\/wp\/v2\/posts\/11823\/revisions"}],"predecessor-version":[{"id":11825,"href":"https:\/\/www.mancomunidaddetentudia.com\/portal\/wp-json\/wp\/v2\/posts\/11823\/revisions\/11825"}],"wp:featuredmedia":[{"embeddable":true,"href":"https:\/\/www.mancomunidaddetentudia.com\/portal\/wp-json\/wp\/v2\/media\/11824"}],"wp:attachment":[{"href":"https:\/\/www.mancomunidaddetentudia.com\/portal\/wp-json\/wp\/v2\/media?parent=11823"}],"wp:term":[{"taxonomy":"category","embeddable":true,"href":"https:\/\/www.mancomunidaddetentudia.com\/portal\/wp-json\/wp\/v2\/categories?post=11823"},{"taxonomy":"post_tag","embeddable":true,"href":"https:\/\/www.mancomunidaddetentudia.com\/portal\/wp-json\/wp\/v2\/tags?post=11823"}],"curies":[{"name":"wp","href":"https:\/\/api.w.org\/{rel}","templated":true}]}}