{"id":11899,"date":"2021-12-15T09:47:57","date_gmt":"2021-12-15T08:47:57","guid":{"rendered":"http:\/\/www.mancomunidaddetentudia.com\/portal\/?p=11899"},"modified":"2021-12-15T09:47:59","modified_gmt":"2021-12-15T08:47:59","slug":"5-empresas-contrataran-durante-seis-meses-al-alumnado-de-la-escuela-profesional-dual-de-empleo-tentudia-21","status":"publish","type":"post","link":"https:\/\/www.mancomunidaddetentudia.com\/portal\/5-empresas-contrataran-durante-seis-meses-al-alumnado-de-la-escuela-profesional-dual-de-empleo-tentudia-21\/","title":{"rendered":"5 empresas contratar\u00e1n durante seis meses al alumnado de la Escuela Profesional Dual de Empleo Tentud\u00eda 21"},"content":{"rendered":"\n<p>Por primera vez Tentud\u00eda acoge una iniciativa formativa que garantiza un puesto de trabajo a un 40% del alumnado participante del alumnado de las especialidades de Servicios de Bar Cafeter\u00eda y Atenci\u00f3n Sociosanitaria a Personas Dependientes en Instituciones Sociales de la \u00faltima edici\u00f3n de la Escuela Profesional Dual Tentud\u00eda 21.<\/p>\n\n\n\n<p>Es un requisito que la Junta de Extremadura ha querido introducir este a\u00f1o para incrementar las posibilidades de inserci\u00f3n laboral de los alumnos de las Escuelas Profesionales Duales de Empleo. De ah\u00ed que el requisito para conceder la ayuda a las entidades pase por que al menos un 40% de los alumnos tengan un contrato de trabajo en una empresa de la localidad, a jornada completa, durante seis meses.<\/p>\n\n\n\n<p>La Mancomunidad de Tentud\u00eda adquiri\u00f3 el compromiso que firmaron 5 empresas, para colaborar con la inserci\u00f3n profesional del alumnado, a las que se les ha dado las gracias p\u00fablicamente.<\/p>\n\n\n\n<p>Estas empresas har\u00e1n posible que se cumpla el requisito que exige la Junta de Extremadura para esta convocatoria; de los 30 participantes, ser\u00e1n 12 los que aspirar\u00e1n al terminar su formaci\u00f3n, de un contrato de seis meses en las empresas locales. No obstante, durante el a\u00f1o de formaci\u00f3n la totalidad del alumnado cobra el 75% del salario m\u00ednimo interprofesional.<\/p>\n","protected":false},"excerpt":{"rendered":"<p>Por primera vez Tentud\u00eda acoge una iniciativa formativa que garantiza un puesto de trabajo a un 40% del alumnado participante del alumnado de las especialidades de Servicios de Bar Cafeter\u00eda y Atenci\u00f3n Sociosanitaria a Personas Dependientes en Instituciones Sociales de la \u00faltima edici\u00f3n de la Escuela Profesional Dual Tentud\u00eda 21. Es un requisito que la [&hellip;]<\/p>\n","protected":false},"author":23,"featured_media":11900,"comment_status":"open","ping_status":"open","sticky":false,"template":"","format":"standard","meta":{"footnotes":""},"categories":[27,271,23,24],"tags":[],"class_list":{"0":"post-11899","1":"post","2":"type-post","3":"status-publish","4":"format-standard","5":"has-post-thumbnail","7":"category-actualidad","8":"category-escuela-profesional","9":"category-notas-de-prensa","10":"category-tablon-de-anuncios"},"_links":{"self":[{"href":"https:\/\/www.mancomunidaddetentudia.com\/portal\/wp-json\/wp\/v2\/posts\/11899","targetHints":{"allow":["GET"]}}],"collection":[{"href":"https:\/\/www.mancomunidaddetentudia.com\/portal\/wp-json\/wp\/v2\/posts"}],"about":[{"href":"https:\/\/www.mancomunidaddetentudia.com\/portal\/wp-json\/wp\/v2\/types\/post"}],"author":[{"embeddable":true,"href":"https:\/\/www.mancomunidaddetentudia.com\/portal\/wp-json\/wp\/v2\/users\/23"}],"replies":[{"embeddable":true,"href":"https:\/\/www.mancomunidaddetentudia.com\/portal\/wp-json\/wp\/v2\/comments?post=11899"}],"version-history":[{"count":1,"href":"https:\/\/www.mancomunidaddetentudia.com\/portal\/wp-json\/wp\/v2\/posts\/11899\/revisions"}],"predecessor-version":[{"id":11901,"href":"https:\/\/www.mancomunidaddetentudia.com\/portal\/wp-json\/wp\/v2\/posts\/11899\/revisions\/11901"}],"wp:featuredmedia":[{"embeddable":true,"href":"https:\/\/www.mancomunidaddetentudia.com\/portal\/wp-json\/wp\/v2\/media\/11900"}],"wp:attachment":[{"href":"https:\/\/www.mancomunidaddetentudia.com\/portal\/wp-json\/wp\/v2\/media?parent=11899"}],"wp:term":[{"taxonomy":"category","embeddable":true,"href":"https:\/\/www.mancomunidaddetentudia.com\/portal\/wp-json\/wp\/v2\/categories?post=11899"},{"taxonomy":"post_tag","embeddable":true,"href":"https:\/\/www.mancomunidaddetentudia.com\/portal\/wp-json\/wp\/v2\/tags?post=11899"}],"curies":[{"name":"wp","href":"https:\/\/api.w.org\/{rel}","templated":true}]}}