{"id":11944,"date":"2022-01-05T08:10:18","date_gmt":"2022-01-05T07:10:18","guid":{"rendered":"http:\/\/www.mancomunidaddetentudia.com\/portal\/?p=11944"},"modified":"2022-01-05T08:10:21","modified_gmt":"2022-01-05T07:10:21","slug":"noticiario-de-consumo-37","status":"publish","type":"post","link":"https:\/\/www.mancomunidaddetentudia.com\/portal\/noticiario-de-consumo-37\/","title":{"rendered":"NOTICIARIO DE CONSUMO"},"content":{"rendered":"\n<p><strong>C\u00f3mo usar la tecnolog\u00eda para reducir el consumo de energ\u00eda en casa&nbsp;<\/strong><\/p>\n\n\n\n<p><a href=\"https:\/\/www.lavanguardia.com\/vida\/20211229\/7949573\/como-tecnologia-reducir-consumo-energia-casa-brl.html\">https:\/\/www.lavanguardia.com\/vida\/20211229\/7949573\/como-tecnologia-reducir-consumo-energia-casa-brl.html<\/a><\/p>\n\n\n\n<p>&nbsp;<strong>Quiero pagar, pero hoy tampoco me dejan\u00bb: usuarios piden a Consumo ampliar el horario de atenci\u00f3n en cajas&nbsp;<\/strong><\/p>\n\n\n\n<p><a href=\"https:\/\/cadenaser.com\/emisora\/2021\/12\/26\/radio_madrid\/1640537295_935764.html\">https:\/\/cadenaser.com\/emisora\/2021\/12\/26\/radio_madrid\/1640537295_935764.html<\/a><\/p>\n\n\n\n<p><strong>La ampliaci\u00f3n a tres a\u00f1os del plazo de garant\u00eda encarecer\u00e1 los precios de los electrodom\u00e9sticos&nbsp;<\/strong><\/p>\n\n\n\n<p><a href=\"https:\/\/www.abc.es\/economia\/abci-ampliacion-tres-anos-plazo-garantia-encarecera-precios-electrodomesticos-202112271548_noticia.html\">https:\/\/www.abc.es\/economia\/abci-ampliacion-tres-anos-plazo-garantia-encarecera-precios-electrodomesticos-202112271548_noticia.html<\/a><\/p>\n\n\n\n<p><strong>Si eres positivo o contacto estrecho puedes reclamar el reembolso de viajes o espect\u00e1culos en 14 d\u00edas&nbsp;<\/strong><\/p>\n\n\n\n<p><a href=\"https:\/\/www.niusdiario.es\/economia\/consumo\/contagiados-contactos-estrechos-covid-pueden-reclamar-reembolso-viajes-espectaculos-no-disfrutados_18_3257372562.html\">https:\/\/www.niusdiario.es\/economia\/consumo\/contagiados-contactos-estrechos-covid-pueden-reclamar-reembolso-viajes-espectaculos-no-disfrutados_18_3257372562.html<\/a><\/p>\n\n\n\n<p><strong>La nueva ley de telecomunicaciones no incluir\u00e1 finalmente tasas a operadores como WhatsApp&nbsp;<\/strong><\/p>\n\n\n\n<p><a href=\"https:\/\/www.diariodesevilla.es\/tecnologia\/nueva-ley-telecomunicaciones-operadores-tasas-Whatsapp_0_1629738913.html\">https:\/\/www.diariodesevilla.es\/tecnologia\/nueva-ley-telecomunicaciones-operadores-tasas-Whatsapp_0_1629738913.html<\/a><\/p>\n","protected":false},"excerpt":{"rendered":"<p>C\u00f3mo usar la tecnolog\u00eda para reducir el consumo de energ\u00eda en casa&nbsp; https:\/\/www.lavanguardia.com\/vida\/20211229\/7949573\/como-tecnologia-reducir-consumo-energia-casa-brl.html &nbsp;Quiero pagar, pero hoy tampoco me dejan\u00bb: usuarios piden a Consumo ampliar el horario de atenci\u00f3n en cajas&nbsp; https:\/\/cadenaser.com\/emisora\/2021\/12\/26\/radio_madrid\/1640537295_935764.html La ampliaci\u00f3n a tres a\u00f1os del plazo de garant\u00eda encarecer\u00e1 los precios de los electrodom\u00e9sticos&nbsp; https:\/\/www.abc.es\/economia\/abci-ampliacion-tres-anos-plazo-garantia-encarecera-precios-electrodomesticos-202112271548_noticia.html Si eres positivo o contacto estrecho puedes [&hellip;]<\/p>\n","protected":false},"author":23,"featured_media":11945,"comment_status":"open","ping_status":"open","sticky":false,"template":"","format":"standard","meta":{"footnotes":""},"categories":[27,255,24],"tags":[],"class_list":{"0":"post-11944","1":"post","2":"type-post","3":"status-publish","4":"format-standard","5":"has-post-thumbnail","7":"category-actualidad","8":"category-consumo","9":"category-tablon-de-anuncios"},"_links":{"self":[{"href":"https:\/\/www.mancomunidaddetentudia.com\/portal\/wp-json\/wp\/v2\/posts\/11944","targetHints":{"allow":["GET"]}}],"collection":[{"href":"https:\/\/www.mancomunidaddetentudia.com\/portal\/wp-json\/wp\/v2\/posts"}],"about":[{"href":"https:\/\/www.mancomunidaddetentudia.com\/portal\/wp-json\/wp\/v2\/types\/post"}],"author":[{"embeddable":true,"href":"https:\/\/www.mancomunidaddetentudia.com\/portal\/wp-json\/wp\/v2\/users\/23"}],"replies":[{"embeddable":true,"href":"https:\/\/www.mancomunidaddetentudia.com\/portal\/wp-json\/wp\/v2\/comments?post=11944"}],"version-history":[{"count":1,"href":"https:\/\/www.mancomunidaddetentudia.com\/portal\/wp-json\/wp\/v2\/posts\/11944\/revisions"}],"predecessor-version":[{"id":11946,"href":"https:\/\/www.mancomunidaddetentudia.com\/portal\/wp-json\/wp\/v2\/posts\/11944\/revisions\/11946"}],"wp:featuredmedia":[{"embeddable":true,"href":"https:\/\/www.mancomunidaddetentudia.com\/portal\/wp-json\/wp\/v2\/media\/11945"}],"wp:attachment":[{"href":"https:\/\/www.mancomunidaddetentudia.com\/portal\/wp-json\/wp\/v2\/media?parent=11944"}],"wp:term":[{"taxonomy":"category","embeddable":true,"href":"https:\/\/www.mancomunidaddetentudia.com\/portal\/wp-json\/wp\/v2\/categories?post=11944"},{"taxonomy":"post_tag","embeddable":true,"href":"https:\/\/www.mancomunidaddetentudia.com\/portal\/wp-json\/wp\/v2\/tags?post=11944"}],"curies":[{"name":"wp","href":"https:\/\/api.w.org\/{rel}","templated":true}]}}