{"id":11974,"date":"2022-01-13T07:58:54","date_gmt":"2022-01-13T06:58:54","guid":{"rendered":"http:\/\/www.mancomunidaddetentudia.com\/portal\/?p=11974"},"modified":"2022-01-13T07:58:57","modified_gmt":"2022-01-13T06:58:57","slug":"guia-de-consumo-para-las-personas-mayores","status":"publish","type":"post","link":"https:\/\/www.mancomunidaddetentudia.com\/portal\/guia-de-consumo-para-las-personas-mayores\/","title":{"rendered":"GU\u00cdA DE CONSUMO PARA LAS PERSONAS MAYORES"},"content":{"rendered":"\n<p>El Consorcio Extreme\u00f1o de Informaci\u00f3n al Consumidor public\u00f3 por primera vez en 2016 este proyecto como medida de prevenci\u00f3n y apoyo &nbsp;para este colectivo al comprobar, a trav\u00e9s de su experiencia, la vulnerabilidad de muchas personas de avanzada edad afectadas por pr\u00e1cticas empresariales abusivas.<\/p>\n\n\n\n<p>En los \u00faltimos a\u00f1os, se han dado pasos muy importantes en este sentido puesto que, la calificaci\u00f3n de este grupo de poblaci\u00f3n como supuesto \u201c<em>de<\/em>&nbsp;<em>especial protecci\u00f3n\u201d&nbsp;<\/em>en el Estatuto de las personas consumidoras de Extremadura, ha hecho que dediquemos gran parte de los recursos de los que dispone la Administraci\u00f3n en materia de consumo a la defensa, formaci\u00f3n y protecci\u00f3n de este denominado&nbsp;<em>\u00abcolectivo vulnerable\u00bb<\/em>.<\/p>\n\n\n\n<p>As\u00ed, comenzamos este a\u00f1o con la publicaci\u00f3n de la tercera edici\u00f3n revisada de esta gu\u00eda debido a la gran aceptaci\u00f3n y demanda que ha tenido, fundamentalmente por su formato sencillo a trav\u00e9s de un lenguaje claro y directo acompa\u00f1ado de ilustraciones y un refranero tradicional, como gui\u00f1o a nuestros mayores.<\/p>\n\n\n\n<p>B\u00e1sicamente, se trata de una actualizaci\u00f3n de las materias que en la primera edici\u00f3n de 2016 se consideraron m\u00e1s relevantes (electricidad, garant\u00edas, seguros, revisiones de gas, etc.), incluyendo las modificaciones normativas oportunas durante estos a\u00f1os y a\u00f1adiendo otra materia que ha ido adquiriendo mayor inter\u00e9s como es el de las telecomunicaciones.<\/p>\n\n\n\n<p>Se ha evidenciado sobre el terreno que las personas mayores junto con otros colectivos vulnerables son el sector de la poblaci\u00f3n m\u00e1s afectada por estas pr\u00e1cticas y con menos recursos para defenderse. Si les ayudamos a valerse por s\u00ed mismas en materia de consumo, estaremos contribuyendo activamente a que miren al futuro con esperanza.<\/p>\n\n\n\n<p>En base a la buena acogida y al crecimiento paulatino de este organismo se hace vital la difusi\u00f3n de esta nueva edici\u00f3n para llegar al mayor n\u00famero posible de consumidores extreme\u00f1os.<\/p>\n\n\n\n<p>Aprovechamos estas l\u00edneas para mostrar nuestro agradecimiento aquellas personas que han colaborado y han hecho posible esta tercera edici\u00f3n.<\/p>\n\n\n\n<p>Para ver la Gu\u00eda completa: <a href=\"https:\/\/saludextremadura.ses.es\/masamano\/wp-content\/uploads\/2022\/01\/guia_sobre_consumo_para_las_personas_mayores_3ed.pdf\">https:\/\/saludextremadura.ses.es\/masamano\/wp-content\/uploads\/2022\/01\/guia_sobre_consumo_para_las_personas_mayores_3ed.pdf<\/a><\/p>\n\n\n\n<p><\/p>\n","protected":false},"excerpt":{"rendered":"<p>El Consorcio Extreme\u00f1o de Informaci\u00f3n al Consumidor public\u00f3 por primera vez en 2016 este proyecto como medida de prevenci\u00f3n y apoyo &nbsp;para este colectivo al comprobar, a trav\u00e9s de su experiencia, la vulnerabilidad de muchas personas de avanzada edad afectadas por pr\u00e1cticas empresariales abusivas. En los \u00faltimos a\u00f1os, se han dado pasos muy importantes en [&hellip;]<\/p>\n","protected":false},"author":23,"featured_media":11975,"comment_status":"open","ping_status":"open","sticky":false,"template":"","format":"standard","meta":{"footnotes":""},"categories":[27,255,24],"tags":[],"class_list":{"0":"post-11974","1":"post","2":"type-post","3":"status-publish","4":"format-standard","5":"has-post-thumbnail","7":"category-actualidad","8":"category-consumo","9":"category-tablon-de-anuncios"},"_links":{"self":[{"href":"https:\/\/www.mancomunidaddetentudia.com\/portal\/wp-json\/wp\/v2\/posts\/11974","targetHints":{"allow":["GET"]}}],"collection":[{"href":"https:\/\/www.mancomunidaddetentudia.com\/portal\/wp-json\/wp\/v2\/posts"}],"about":[{"href":"https:\/\/www.mancomunidaddetentudia.com\/portal\/wp-json\/wp\/v2\/types\/post"}],"author":[{"embeddable":true,"href":"https:\/\/www.mancomunidaddetentudia.com\/portal\/wp-json\/wp\/v2\/users\/23"}],"replies":[{"embeddable":true,"href":"https:\/\/www.mancomunidaddetentudia.com\/portal\/wp-json\/wp\/v2\/comments?post=11974"}],"version-history":[{"count":1,"href":"https:\/\/www.mancomunidaddetentudia.com\/portal\/wp-json\/wp\/v2\/posts\/11974\/revisions"}],"predecessor-version":[{"id":11976,"href":"https:\/\/www.mancomunidaddetentudia.com\/portal\/wp-json\/wp\/v2\/posts\/11974\/revisions\/11976"}],"wp:featuredmedia":[{"embeddable":true,"href":"https:\/\/www.mancomunidaddetentudia.com\/portal\/wp-json\/wp\/v2\/media\/11975"}],"wp:attachment":[{"href":"https:\/\/www.mancomunidaddetentudia.com\/portal\/wp-json\/wp\/v2\/media?parent=11974"}],"wp:term":[{"taxonomy":"category","embeddable":true,"href":"https:\/\/www.mancomunidaddetentudia.com\/portal\/wp-json\/wp\/v2\/categories?post=11974"},{"taxonomy":"post_tag","embeddable":true,"href":"https:\/\/www.mancomunidaddetentudia.com\/portal\/wp-json\/wp\/v2\/tags?post=11974"}],"curies":[{"name":"wp","href":"https:\/\/api.w.org\/{rel}","templated":true}]}}