{"id":12009,"date":"2022-01-31T11:32:49","date_gmt":"2022-01-31T10:32:49","guid":{"rendered":"http:\/\/www.mancomunidaddetentudia.com\/portal\/?p=12009"},"modified":"2022-01-31T11:32:57","modified_gmt":"2022-01-31T10:32:57","slug":"noticiario-de-consumo-40","status":"publish","type":"post","link":"https:\/\/www.mancomunidaddetentudia.com\/portal\/noticiario-de-consumo-40\/","title":{"rendered":"NOTICIARIO DE CONSUMO"},"content":{"rendered":"\n<p><strong>Los consumidores reclaman facilidades para la retirada de efectivo de las sucursales bancarias&nbsp;<\/strong><\/p>\n\n\n\n<p><a href=\"https:\/\/www.diariodesevilla.es\/empresas-al-dia\/consumidores-reclaman-facilidades-sucursales-bancarias_0_1651636194.html\">https:\/\/www.diariodesevilla.es\/empresas-al-dia\/consumidores-reclaman-facilidades-sucursales-bancarias_0_1651636194.html<\/a><\/p>\n\n\n\n<p><strong>El cobro de los gastos de instalaci\u00f3n de la l\u00ednea fija por la cancelaci\u00f3n de la portabilidad o el desestimiento. La responsabilidad para decidir si son \u00abrazonables\u00bb est\u00e1 en el Ministerio de Asuntos Econ\u00f3micos.&nbsp;<\/strong><\/p>\n\n\n\n<p><a href=\"https:\/\/www.lainformacion.com\/empresas\/cnmc-pasa-calvino-decision-sobre-alto-coste-cancelar-portabilidades\/2857934\/\">https:\/\/www.lainformacion.com\/empresas\/cnmc-pasa-calvino-decision-sobre-alto-coste-cancelar-portabilidades\/2857934\/<\/a><\/p>\n\n\n\n<p><strong>C\u00f3mo cambiar\u00e1 el perfil del consumidor online este a\u00f1o&nbsp;<\/strong><\/p>\n\n\n\n<figure class=\"wp-block-embed-wordpress wp-block-embed is-type-wp-embed is-provider-muypymes\"><div class=\"wp-block-embed__wrapper\">\n<blockquote class=\"wp-embedded-content\" data-secret=\"a7KYaqy9SQ\"><a href=\"https:\/\/www.muypymes.com\/2022\/01\/26\/cambiara-perfil-consumidor-online\">C\u00f3mo cambiar\u00e1 el perfil del consumidor online este a\u00f1o<\/a><\/blockquote><iframe loading=\"lazy\" class=\"wp-embedded-content\" sandbox=\"allow-scripts\" security=\"restricted\" style=\"position: absolute; clip: rect(1px, 1px, 1px, 1px);\" title=\"\u00abC\u00f3mo cambiar\u00e1 el perfil del consumidor online este a\u00f1o\u00bb \u2014 MuyPymes\" src=\"https:\/\/www.muypymes.com\/2022\/01\/26\/cambiara-perfil-consumidor-online\/embed#?secret=a7KYaqy9SQ\" data-secret=\"a7KYaqy9SQ\" width=\"600\" height=\"338\" frameborder=\"0\" marginwidth=\"0\" marginheight=\"0\" scrolling=\"no\"><\/iframe>\n<\/div><\/figure>\n\n\n\n<p><strong>\u00bfCu\u00e1nto tiempo hay que guardar las cajas de los productos?&nbsp;<\/strong><\/p>\n\n\n\n<figure class=\"wp-block-embed-wordpress wp-block-embed is-type-wp-embed is-provider-economist-amp-jurist\"><div class=\"wp-block-embed__wrapper\">\n<blockquote class=\"wp-embedded-content\" data-secret=\"w9Cw0mOcgh\"><a href=\"https:\/\/www.economistjurist.es\/articulos-juridicos-destacados\/cuanto-tiempo-hay-que-guardar-las-cajas-de-los-productos\/\">\u00bfCu\u00e1nto tiempo hay que guardar las cajas de los productos?<\/a><\/blockquote><iframe loading=\"lazy\" class=\"wp-embedded-content\" sandbox=\"allow-scripts\" security=\"restricted\" style=\"position: absolute; clip: rect(1px, 1px, 1px, 1px);\" title=\"\u00ab\u00bfCu\u00e1nto tiempo hay que guardar las cajas de los productos?\u00bb \u2014 Economist &amp; Jurist\" src=\"https:\/\/www.economistjurist.es\/articulos-juridicos-destacados\/cuanto-tiempo-hay-que-guardar-las-cajas-de-los-productos\/embed\/#?secret=w9Cw0mOcgh\" data-secret=\"w9Cw0mOcgh\" width=\"600\" height=\"338\" frameborder=\"0\" marginwidth=\"0\" marginheight=\"0\" scrolling=\"no\"><\/iframe>\n<\/div><\/figure>\n\n\n\n<p><strong>Prescripci\u00f3n reclamaci\u00f3n gastos hipotecarios: el TJUE se opone a que el c\u00f3mputo se inicie el d\u00eda en que se firm\u00f3 el contrato <\/strong><\/p>\n\n\n\n<p><strong>\u00a0<\/strong><a rel=\"noreferrer noopener\" href=\"https:\/\/eur04.safelinks.protection.outlook.com\/?url=https%3A%2F%2Fwww.economistjurist.es%2Factualidad-juridica%2Fjurisprudencia%2Fprescripcion-reclamacion-gastos-hipotecarios-el-tjue-se-opone-a-que-el-computo-se-inicie-el-dia-en-que-se-firmo-el-contrato%2F&amp;data=04%7C01%7Cgloria.granado%40salud-juntaex.es%7Cb712131e1dfa4756ad0c08d9e48d11f8%7Cc5ce285034b54dcb8e416db28fe40097%7C0%7C0%7C637792116802705853%7CUnknown%7CTWFpbGZsb3d8eyJWIjoiMC4wLjAwMDAiLCJQIjoiV2luMzIiLCJBTiI6Ik1haWwiLCJXVCI6Mn0%3D%7C3000&amp;sdata=z%2FE929IL7wEn2hlAI09ZgRTuC%2Fk33BHasxGhS%2BALsSU%3D&amp;reserved=0\" target=\"_blank\">https:\/\/www.economistjurist.es\/actualidad-juridica\/jurisprudencia\/prescripcion-reclamacion-gastos-hipotecarios-el-tjue-se-opone-a-que-el-computo-se-inicie-el-dia-en-que-se-firmo-el-contrato\/<\/a><\/p>\n","protected":false},"excerpt":{"rendered":"<p>Los consumidores reclaman facilidades para la retirada de efectivo de las sucursales bancarias&nbsp; https:\/\/www.diariodesevilla.es\/empresas-al-dia\/consumidores-reclaman-facilidades-sucursales-bancarias_0_1651636194.html El cobro de los gastos de instalaci\u00f3n de la l\u00ednea fija por la cancelaci\u00f3n de la portabilidad o el desestimiento. La responsabilidad para decidir si son \u00abrazonables\u00bb est\u00e1 en el Ministerio de Asuntos Econ\u00f3micos.&nbsp; https:\/\/www.lainformacion.com\/empresas\/cnmc-pasa-calvino-decision-sobre-alto-coste-cancelar-portabilidades\/2857934\/ C\u00f3mo cambiar\u00e1 el perfil del consumidor [&hellip;]<\/p>\n","protected":false},"author":23,"featured_media":12010,"comment_status":"open","ping_status":"open","sticky":false,"template":"","format":"standard","meta":{"footnotes":""},"categories":[27,255,24],"tags":[],"class_list":{"0":"post-12009","1":"post","2":"type-post","3":"status-publish","4":"format-standard","5":"has-post-thumbnail","7":"category-actualidad","8":"category-consumo","9":"category-tablon-de-anuncios"},"_links":{"self":[{"href":"https:\/\/www.mancomunidaddetentudia.com\/portal\/wp-json\/wp\/v2\/posts\/12009","targetHints":{"allow":["GET"]}}],"collection":[{"href":"https:\/\/www.mancomunidaddetentudia.com\/portal\/wp-json\/wp\/v2\/posts"}],"about":[{"href":"https:\/\/www.mancomunidaddetentudia.com\/portal\/wp-json\/wp\/v2\/types\/post"}],"author":[{"embeddable":true,"href":"https:\/\/www.mancomunidaddetentudia.com\/portal\/wp-json\/wp\/v2\/users\/23"}],"replies":[{"embeddable":true,"href":"https:\/\/www.mancomunidaddetentudia.com\/portal\/wp-json\/wp\/v2\/comments?post=12009"}],"version-history":[{"count":1,"href":"https:\/\/www.mancomunidaddetentudia.com\/portal\/wp-json\/wp\/v2\/posts\/12009\/revisions"}],"predecessor-version":[{"id":12011,"href":"https:\/\/www.mancomunidaddetentudia.com\/portal\/wp-json\/wp\/v2\/posts\/12009\/revisions\/12011"}],"wp:featuredmedia":[{"embeddable":true,"href":"https:\/\/www.mancomunidaddetentudia.com\/portal\/wp-json\/wp\/v2\/media\/12010"}],"wp:attachment":[{"href":"https:\/\/www.mancomunidaddetentudia.com\/portal\/wp-json\/wp\/v2\/media?parent=12009"}],"wp:term":[{"taxonomy":"category","embeddable":true,"href":"https:\/\/www.mancomunidaddetentudia.com\/portal\/wp-json\/wp\/v2\/categories?post=12009"},{"taxonomy":"post_tag","embeddable":true,"href":"https:\/\/www.mancomunidaddetentudia.com\/portal\/wp-json\/wp\/v2\/tags?post=12009"}],"curies":[{"name":"wp","href":"https:\/\/api.w.org\/{rel}","templated":true}]}}