{"id":12036,"date":"2022-02-08T13:44:04","date_gmt":"2022-02-08T12:44:04","guid":{"rendered":"http:\/\/www.mancomunidaddetentudia.com\/portal\/?p=12036"},"modified":"2022-02-08T13:44:07","modified_gmt":"2022-02-08T12:44:07","slug":"el-alumnado-de-la-escuela-profesional-dual-de-empleo-tentudia-21-comienza-su-modulo-de-ingles","status":"publish","type":"post","link":"https:\/\/www.mancomunidaddetentudia.com\/portal\/el-alumnado-de-la-escuela-profesional-dual-de-empleo-tentudia-21-comienza-su-modulo-de-ingles\/","title":{"rendered":"EL ALUMNADO DE LA ESCUELA PROFESIONAL DUAL DE EMPLEO TENTUD\u00ccA 21 COMIENZA SU M\u00d3DULO DE INGL\u00c9S"},"content":{"rendered":"\n<p>Hoy 7 de febrero y siguiendo la programaci\u00f3n establecida del Certificado de Profesionalidad que se viene impartiendo en el Centro de Formaci\u00f3n de la Mancomunidad de Tentud\u00eda, los alumnos de la especialidad de Servicios de Bar y Cafeter\u00eda de la Escuela Profesional Dual de Empleo Tentud\u00eda 21 inician su MF1051_2 Ingl\u00e9s Profesional para Servicios de Restauraci\u00f3n. Un m\u00f3dulo formativo de 90 horas de duraci\u00f3n que como objetivo principal es comunicarse en ingl\u00e9s, con un nivel de usuario independiente, en los servicios de restauraci\u00f3n, as\u00ed como interpretar, y expresar mensajes orales y escritos sencillos, emitidos en el \u00e1mbito de la actividad de restauraci\u00f3n.<\/p>\n\n\n\n<p>As\u00ed como comunicarse oralmente con uno o varios interlocutores en ingl\u00e9s, expresando e interpretando mensajes sencillos de complejidad reducida, en distintas situaciones, formales e informales, propias del servicio de restauraci\u00f3n.<\/p>\n\n\n\n<p>Donde trabajar\u00e1n durante cinco meses una serie de contenidos que primar\u00e1 la Prestaci\u00f3n de informaci\u00f3n gastron\u00f3mica y documental en ingl\u00e9s, Atenci\u00f3n al cliente en ingl\u00e9s en el servicio de restauraci\u00f3n y por \u00faltimo, entre otros, la expresi\u00f3n oral y escrita de la terminolog\u00eda espec\u00edfica del Restaurante.<\/p>\n\n\n\n<p>Guiados de la mano de la fil\u00f3loga Ada Lasso, estos 15 alumnos de la Escuela Profesional Dual de Empleo Tentud\u00eda 21, de Monesterio, se adentrar\u00e1n en la lengua anglosajona y del programa de actividades que se desarrolla desde la Mancomunidad.<\/p>\n\n\n\n<figure class=\"wp-block-image size-large\"><img loading=\"lazy\" decoding=\"async\" width=\"1024\" height=\"768\" src=\"https:\/\/www.mancomunidaddetentudia.com\/portal\/wp-content\/uploads\/2022\/02\/WhatsApp-Image-2022-02-08-at-13.19.32-1-1024x768.jpeg\" alt=\"\" class=\"wp-image-12038\" srcset=\"https:\/\/www.mancomunidaddetentudia.com\/portal\/wp-content\/uploads\/2022\/02\/WhatsApp-Image-2022-02-08-at-13.19.32-1-1024x768.jpeg 1024w, https:\/\/www.mancomunidaddetentudia.com\/portal\/wp-content\/uploads\/2022\/02\/WhatsApp-Image-2022-02-08-at-13.19.32-1-300x225.jpeg 300w, https:\/\/www.mancomunidaddetentudia.com\/portal\/wp-content\/uploads\/2022\/02\/WhatsApp-Image-2022-02-08-at-13.19.32-1-768x576.jpeg 768w, https:\/\/www.mancomunidaddetentudia.com\/portal\/wp-content\/uploads\/2022\/02\/WhatsApp-Image-2022-02-08-at-13.19.32-1-1536x1152.jpeg 1536w, https:\/\/www.mancomunidaddetentudia.com\/portal\/wp-content\/uploads\/2022\/02\/WhatsApp-Image-2022-02-08-at-13.19.32-1-80x60.jpeg 80w, https:\/\/www.mancomunidaddetentudia.com\/portal\/wp-content\/uploads\/2022\/02\/WhatsApp-Image-2022-02-08-at-13.19.32-1-265x198.jpeg 265w, https:\/\/www.mancomunidaddetentudia.com\/portal\/wp-content\/uploads\/2022\/02\/WhatsApp-Image-2022-02-08-at-13.19.32-1-696x522.jpeg 696w, https:\/\/www.mancomunidaddetentudia.com\/portal\/wp-content\/uploads\/2022\/02\/WhatsApp-Image-2022-02-08-at-13.19.32-1-1068x801.jpeg 1068w, https:\/\/www.mancomunidaddetentudia.com\/portal\/wp-content\/uploads\/2022\/02\/WhatsApp-Image-2022-02-08-at-13.19.32-1-560x420.jpeg 560w, https:\/\/www.mancomunidaddetentudia.com\/portal\/wp-content\/uploads\/2022\/02\/WhatsApp-Image-2022-02-08-at-13.19.32-1.jpeg 2048w\" sizes=\"auto, (max-width: 1024px) 100vw, 1024px\" \/><\/figure>\n","protected":false},"excerpt":{"rendered":"<p>Hoy 7 de febrero y siguiendo la programaci\u00f3n establecida del Certificado de Profesionalidad que se viene impartiendo en el Centro de Formaci\u00f3n de la Mancomunidad de Tentud\u00eda, los alumnos de la especialidad de Servicios de Bar y Cafeter\u00eda de la Escuela Profesional Dual de Empleo Tentud\u00eda 21 inician su MF1051_2 Ingl\u00e9s Profesional para Servicios de [&hellip;]<\/p>\n","protected":false},"author":23,"featured_media":12037,"comment_status":"open","ping_status":"open","sticky":false,"template":"","format":"standard","meta":{"footnotes":""},"categories":[27,271,68,23,24],"tags":[],"class_list":{"0":"post-12036","1":"post","2":"type-post","3":"status-publish","4":"format-standard","5":"has-post-thumbnail","7":"category-actualidad","8":"category-escuela-profesional","9":"category-mancomunidad","10":"category-notas-de-prensa","11":"category-tablon-de-anuncios"},"_links":{"self":[{"href":"https:\/\/www.mancomunidaddetentudia.com\/portal\/wp-json\/wp\/v2\/posts\/12036","targetHints":{"allow":["GET"]}}],"collection":[{"href":"https:\/\/www.mancomunidaddetentudia.com\/portal\/wp-json\/wp\/v2\/posts"}],"about":[{"href":"https:\/\/www.mancomunidaddetentudia.com\/portal\/wp-json\/wp\/v2\/types\/post"}],"author":[{"embeddable":true,"href":"https:\/\/www.mancomunidaddetentudia.com\/portal\/wp-json\/wp\/v2\/users\/23"}],"replies":[{"embeddable":true,"href":"https:\/\/www.mancomunidaddetentudia.com\/portal\/wp-json\/wp\/v2\/comments?post=12036"}],"version-history":[{"count":1,"href":"https:\/\/www.mancomunidaddetentudia.com\/portal\/wp-json\/wp\/v2\/posts\/12036\/revisions"}],"predecessor-version":[{"id":12039,"href":"https:\/\/www.mancomunidaddetentudia.com\/portal\/wp-json\/wp\/v2\/posts\/12036\/revisions\/12039"}],"wp:featuredmedia":[{"embeddable":true,"href":"https:\/\/www.mancomunidaddetentudia.com\/portal\/wp-json\/wp\/v2\/media\/12037"}],"wp:attachment":[{"href":"https:\/\/www.mancomunidaddetentudia.com\/portal\/wp-json\/wp\/v2\/media?parent=12036"}],"wp:term":[{"taxonomy":"category","embeddable":true,"href":"https:\/\/www.mancomunidaddetentudia.com\/portal\/wp-json\/wp\/v2\/categories?post=12036"},{"taxonomy":"post_tag","embeddable":true,"href":"https:\/\/www.mancomunidaddetentudia.com\/portal\/wp-json\/wp\/v2\/tags?post=12036"}],"curies":[{"name":"wp","href":"https:\/\/api.w.org\/{rel}","templated":true}]}}