{"id":12079,"date":"2022-03-09T08:02:03","date_gmt":"2022-03-09T07:02:03","guid":{"rendered":"http:\/\/www.mancomunidaddetentudia.com\/portal\/?p=12079"},"modified":"2022-03-11T08:12:50","modified_gmt":"2022-03-11T07:12:50","slug":"el-alumnado-de-la-escuela-profesional-dual-de-empleo-tentudia-21-participa-en-la-ruta-senderista-pantano-y-el-moro-bajo","status":"publish","type":"post","link":"https:\/\/www.mancomunidaddetentudia.com\/portal\/el-alumnado-de-la-escuela-profesional-dual-de-empleo-tentudia-21-participa-en-la-ruta-senderista-pantano-y-el-moro-bajo\/","title":{"rendered":"EL ALUMNADO DE LA ESCUELA PROFESIONAL DUAL DE EMPLEO TENTUD\u00cdA 21 PARTICIPA EN LA RUTA SENDERISTA &#8216;PANTANO Y EL MORO BAJO&#8217;"},"content":{"rendered":"\n<p>El pr\u00f3ximo 26 de marzo se llevar\u00e1 a cabo una ruta senderista bajo el nombre, &#8216;Pantano y el Moro Bajo&#8217; con una distancia de 12 Km, organizada por el Ayuntamiento de Calera de Le\u00f3n y Mancomunidad de Tentud\u00eda, de la mano de Dinamizaci\u00f3n Deportiva de Extremadura y la Escuela Profesional Dual de Empleo Tentud\u00eda 21, para ello las inscripciones estar\u00e1n abiertas hasta el 23 de marzo.<\/p>\n\n\n\n<p>Toda aquella persona que est\u00e9 interesada en participar podr\u00e1 descargarse el formulario de www.mancomunidaddetentudia.com , cuota de inscripci\u00f3n 5\u20ac que se pagar\u00e1n al inicio de la ruta. La recepci\u00f3n de senderistas para esta ruta circular ser\u00e1 a las 9:30 horas, con salida del Conventual de Calera de Le\u00f3n y una dificultad Media -alta, mayores de 16 a\u00f1os, m\u00e1ximo 80 participantes.<\/p>\n\n\n\n<p>Al finalizar la ruta el alumnado de la citada Escuela Profesional dar\u00e1 un aperitivo degustaci\u00f3n con productos de la Comarca de Tentud\u00eda. Los productos de la muestra gastron\u00f3mica pueden contener al\u00e9rgenos.<\/p>\n","protected":false},"excerpt":{"rendered":"<p>El pr\u00f3ximo 26 de marzo se llevar\u00e1 a cabo una ruta senderista bajo el nombre, &#8216;Pantano y el Moro Bajo&#8217; con una distancia de 12 Km, organizada por el Ayuntamiento de Calera de Le\u00f3n y Mancomunidad de Tentud\u00eda, de la mano de Dinamizaci\u00f3n Deportiva de Extremadura y la Escuela Profesional Dual de Empleo Tentud\u00eda 21, [&hellip;]<\/p>\n","protected":false},"author":23,"featured_media":12075,"comment_status":"open","ping_status":"open","sticky":false,"template":"","format":"standard","meta":{"footnotes":""},"categories":[27,271,68,23,24],"tags":[],"class_list":{"0":"post-12079","1":"post","2":"type-post","3":"status-publish","4":"format-standard","5":"has-post-thumbnail","7":"category-actualidad","8":"category-escuela-profesional","9":"category-mancomunidad","10":"category-notas-de-prensa","11":"category-tablon-de-anuncios"},"_links":{"self":[{"href":"https:\/\/www.mancomunidaddetentudia.com\/portal\/wp-json\/wp\/v2\/posts\/12079","targetHints":{"allow":["GET"]}}],"collection":[{"href":"https:\/\/www.mancomunidaddetentudia.com\/portal\/wp-json\/wp\/v2\/posts"}],"about":[{"href":"https:\/\/www.mancomunidaddetentudia.com\/portal\/wp-json\/wp\/v2\/types\/post"}],"author":[{"embeddable":true,"href":"https:\/\/www.mancomunidaddetentudia.com\/portal\/wp-json\/wp\/v2\/users\/23"}],"replies":[{"embeddable":true,"href":"https:\/\/www.mancomunidaddetentudia.com\/portal\/wp-json\/wp\/v2\/comments?post=12079"}],"version-history":[{"count":1,"href":"https:\/\/www.mancomunidaddetentudia.com\/portal\/wp-json\/wp\/v2\/posts\/12079\/revisions"}],"predecessor-version":[{"id":12081,"href":"https:\/\/www.mancomunidaddetentudia.com\/portal\/wp-json\/wp\/v2\/posts\/12079\/revisions\/12081"}],"wp:featuredmedia":[{"embeddable":true,"href":"https:\/\/www.mancomunidaddetentudia.com\/portal\/wp-json\/wp\/v2\/media\/12075"}],"wp:attachment":[{"href":"https:\/\/www.mancomunidaddetentudia.com\/portal\/wp-json\/wp\/v2\/media?parent=12079"}],"wp:term":[{"taxonomy":"category","embeddable":true,"href":"https:\/\/www.mancomunidaddetentudia.com\/portal\/wp-json\/wp\/v2\/categories?post=12079"},{"taxonomy":"post_tag","embeddable":true,"href":"https:\/\/www.mancomunidaddetentudia.com\/portal\/wp-json\/wp\/v2\/tags?post=12079"}],"curies":[{"name":"wp","href":"https:\/\/api.w.org\/{rel}","templated":true}]}}