{"id":12178,"date":"2022-06-11T08:23:14","date_gmt":"2022-06-11T07:23:14","guid":{"rendered":"http:\/\/www.mancomunidaddetentudia.com\/portal\/?p=12178"},"modified":"2022-06-13T08:41:00","modified_gmt":"2022-06-13T07:41:00","slug":"celebrado-con-exito-el-i-simposio-sobre-modelos-de-alta-eficacia-en-la-gestion-municipal-de-residuos-organizado-por-la-mancomunidad-de-tentudia","status":"publish","type":"post","link":"https:\/\/www.mancomunidaddetentudia.com\/portal\/celebrado-con-exito-el-i-simposio-sobre-modelos-de-alta-eficacia-en-la-gestion-municipal-de-residuos-organizado-por-la-mancomunidad-de-tentudia\/","title":{"rendered":"CELEBRADO CON \u00c9XITO EL I SIMPOSIO SOBRE MODELOS DE ALTA EFICACIA EN LA GESTI\u00d3N MUNICIPAL DE RESIDUOS, ORGANIZADO POR LA MANCOMUNIDAD DE TENTUD\u00cdA"},"content":{"rendered":"\n<p>En la ma\u00f1ana de ayer se celebr\u00f3 en el Conventual Santiaguista de Calera de Le\u00f3n el I Simposio sobre modelos de Alta Eficacia en la Gesti\u00f3n Municipal de residuos, en el que se present\u00f3 el sistema de recogida \u00abPuerta a Puerta\u00bb que se implantar\u00e1 en los municipios de la Mancomunidad.<\/p>\n\n\n\n<p>Estas jornadas fueron inauguradas por Mercedes D\u00edaz Ba\u00f1os, Presidenta de la Mancomunidad, y Olga Garc\u00eda Garc\u00eda, Consejera para la Transici\u00f3n Ecol\u00f3gica y Sostenibilidad de la Junta de Extremadura, que aprovechaba su intervenci\u00f3n para mostrar su apoyo a esta iniciativa de la Mancomunidad para alcanzar los objetivos ecol\u00f3gicos de reciclado de residuos establecidos por la UE.<\/p>\n\n\n\n<p>A lo largo de la ma\u00f1ana tuvieron lugar diversas ponencias, pildoras informativas y mesas redondas a cargo de representantes de la Junta de Extremadura, GESPESA, ECOEMBES y diferentes municipios y comarcas de Alicante o la Sierra de C\u00e1diz, territorios en los que ya se est\u00e1 llevando a cabo la recogida puerta a puerta. Asimismo, intervinieron representantes de varias empresas encargadas de la comunicaci\u00f3n y sensibilizaci\u00f3n de la poblaci\u00f3n en este sistema, procedentes de Andaluc\u00eda y Catalu\u00f1a.<\/p>\n\n\n\n<p>El simposio fue clausurado por Francisco Buenavista Garc\u00eda, Presidente de la FEMPEX, que felicitaba a la Mancomunidad y sus municipios integrantes por este proyecto y ofrec\u00eda todo su apoyo y ayuda en el proceso de implantaci\u00f3n. <\/p>\n\n\n\n<p>Para finalizar estas productivas jornadas, tuvo lugar un vino de honor para los m\u00e1s de 100 asistentes a cargo de la Escuela Profesional Dual de la Mancomunidad de Tentud\u00eda. <\/p>\n\n\n\n<figure class=\"wp-block-image size-large\"><img loading=\"lazy\" decoding=\"async\" width=\"1024\" height=\"678\" src=\"https:\/\/www.mancomunidaddetentudia.com\/portal\/wp-content\/uploads\/2022\/06\/simposio-1-1024x678.jpg\" alt=\"\" class=\"wp-image-12179\" srcset=\"https:\/\/www.mancomunidaddetentudia.com\/portal\/wp-content\/uploads\/2022\/06\/simposio-1-1024x678.jpg 1024w, https:\/\/www.mancomunidaddetentudia.com\/portal\/wp-content\/uploads\/2022\/06\/simposio-1-300x199.jpg 300w, https:\/\/www.mancomunidaddetentudia.com\/portal\/wp-content\/uploads\/2022\/06\/simposio-1-768x509.jpg 768w, https:\/\/www.mancomunidaddetentudia.com\/portal\/wp-content\/uploads\/2022\/06\/simposio-1-1536x1017.jpg 1536w, https:\/\/www.mancomunidaddetentudia.com\/portal\/wp-content\/uploads\/2022\/06\/simposio-1-696x461.jpg 696w, https:\/\/www.mancomunidaddetentudia.com\/portal\/wp-content\/uploads\/2022\/06\/simposio-1-1068x707.jpg 1068w, https:\/\/www.mancomunidaddetentudia.com\/portal\/wp-content\/uploads\/2022\/06\/simposio-1-634x420.jpg 634w, https:\/\/www.mancomunidaddetentudia.com\/portal\/wp-content\/uploads\/2022\/06\/simposio-1.jpg 2048w\" sizes=\"auto, (max-width: 1024px) 100vw, 1024px\" \/><\/figure>\n\n\n\n<figure class=\"wp-block-image size-large\"><img loading=\"lazy\" decoding=\"async\" width=\"1024\" height=\"678\" src=\"https:\/\/www.mancomunidaddetentudia.com\/portal\/wp-content\/uploads\/2022\/06\/simposio-3-1024x678.jpg\" alt=\"\" class=\"wp-image-12180\" srcset=\"https:\/\/www.mancomunidaddetentudia.com\/portal\/wp-content\/uploads\/2022\/06\/simposio-3-1024x678.jpg 1024w, https:\/\/www.mancomunidaddetentudia.com\/portal\/wp-content\/uploads\/2022\/06\/simposio-3-300x199.jpg 300w, https:\/\/www.mancomunidaddetentudia.com\/portal\/wp-content\/uploads\/2022\/06\/simposio-3-768x509.jpg 768w, https:\/\/www.mancomunidaddetentudia.com\/portal\/wp-content\/uploads\/2022\/06\/simposio-3-1536x1017.jpg 1536w, https:\/\/www.mancomunidaddetentudia.com\/portal\/wp-content\/uploads\/2022\/06\/simposio-3-696x461.jpg 696w, https:\/\/www.mancomunidaddetentudia.com\/portal\/wp-content\/uploads\/2022\/06\/simposio-3-1068x707.jpg 1068w, https:\/\/www.mancomunidaddetentudia.com\/portal\/wp-content\/uploads\/2022\/06\/simposio-3-634x420.jpg 634w, https:\/\/www.mancomunidaddetentudia.com\/portal\/wp-content\/uploads\/2022\/06\/simposio-3.jpg 2048w\" sizes=\"auto, (max-width: 1024px) 100vw, 1024px\" \/><\/figure>\n\n\n\n<figure class=\"wp-block-image size-large\"><img loading=\"lazy\" decoding=\"async\" width=\"1024\" height=\"781\" src=\"https:\/\/www.mancomunidaddetentudia.com\/portal\/wp-content\/uploads\/2022\/06\/simposio-5-1024x781.jpg\" alt=\"\" class=\"wp-image-12181\" srcset=\"https:\/\/www.mancomunidaddetentudia.com\/portal\/wp-content\/uploads\/2022\/06\/simposio-5-1024x781.jpg 1024w, https:\/\/www.mancomunidaddetentudia.com\/portal\/wp-content\/uploads\/2022\/06\/simposio-5-300x229.jpg 300w, https:\/\/www.mancomunidaddetentudia.com\/portal\/wp-content\/uploads\/2022\/06\/simposio-5-768x586.jpg 768w, https:\/\/www.mancomunidaddetentudia.com\/portal\/wp-content\/uploads\/2022\/06\/simposio-5-1536x1172.jpg 1536w, https:\/\/www.mancomunidaddetentudia.com\/portal\/wp-content\/uploads\/2022\/06\/simposio-5-80x60.jpg 80w, https:\/\/www.mancomunidaddetentudia.com\/portal\/wp-content\/uploads\/2022\/06\/simposio-5-696x531.jpg 696w, https:\/\/www.mancomunidaddetentudia.com\/portal\/wp-content\/uploads\/2022\/06\/simposio-5-1068x815.jpg 1068w, https:\/\/www.mancomunidaddetentudia.com\/portal\/wp-content\/uploads\/2022\/06\/simposio-5-551x420.jpg 551w, https:\/\/www.mancomunidaddetentudia.com\/portal\/wp-content\/uploads\/2022\/06\/simposio-5.jpg 1978w\" sizes=\"auto, (max-width: 1024px) 100vw, 1024px\" \/><\/figure>\n\n\n\n<figure class=\"wp-block-image size-large\"><img loading=\"lazy\" decoding=\"async\" width=\"1024\" height=\"768\" src=\"https:\/\/www.mancomunidaddetentudia.com\/portal\/wp-content\/uploads\/2022\/06\/simposio-4.jpg\" alt=\"\" class=\"wp-image-12182\" srcset=\"https:\/\/www.mancomunidaddetentudia.com\/portal\/wp-content\/uploads\/2022\/06\/simposio-4.jpg 1024w, https:\/\/www.mancomunidaddetentudia.com\/portal\/wp-content\/uploads\/2022\/06\/simposio-4-300x225.jpg 300w, https:\/\/www.mancomunidaddetentudia.com\/portal\/wp-content\/uploads\/2022\/06\/simposio-4-768x576.jpg 768w, https:\/\/www.mancomunidaddetentudia.com\/portal\/wp-content\/uploads\/2022\/06\/simposio-4-80x60.jpg 80w, https:\/\/www.mancomunidaddetentudia.com\/portal\/wp-content\/uploads\/2022\/06\/simposio-4-265x198.jpg 265w, https:\/\/www.mancomunidaddetentudia.com\/portal\/wp-content\/uploads\/2022\/06\/simposio-4-696x522.jpg 696w, https:\/\/www.mancomunidaddetentudia.com\/portal\/wp-content\/uploads\/2022\/06\/simposio-4-560x420.jpg 560w\" sizes=\"auto, (max-width: 1024px) 100vw, 1024px\" \/><\/figure>\n","protected":false},"excerpt":{"rendered":"<p>En la ma\u00f1ana de ayer se celebr\u00f3 en el Conventual Santiaguista de Calera de Le\u00f3n el I Simposio sobre modelos de Alta Eficacia en la Gesti\u00f3n Municipal de residuos, en el que se present\u00f3 el sistema de recogida \u00abPuerta a Puerta\u00bb que se implantar\u00e1 en los municipios de la Mancomunidad. Estas jornadas fueron inauguradas por [&hellip;]<\/p>\n","protected":false},"author":23,"featured_media":12183,"comment_status":"open","ping_status":"open","sticky":false,"template":"","format":"standard","meta":{"footnotes":""},"categories":[27,37,68,23,270,24],"tags":[],"class_list":{"0":"post-12178","1":"post","2":"type-post","3":"status-publish","4":"format-standard","5":"has-post-thumbnail","7":"category-actualidad","8":"category-destacados","9":"category-mancomunidad","10":"category-notas-de-prensa","11":"category-recogida-de-residuos","12":"category-tablon-de-anuncios"},"_links":{"self":[{"href":"https:\/\/www.mancomunidaddetentudia.com\/portal\/wp-json\/wp\/v2\/posts\/12178","targetHints":{"allow":["GET"]}}],"collection":[{"href":"https:\/\/www.mancomunidaddetentudia.com\/portal\/wp-json\/wp\/v2\/posts"}],"about":[{"href":"https:\/\/www.mancomunidaddetentudia.com\/portal\/wp-json\/wp\/v2\/types\/post"}],"author":[{"embeddable":true,"href":"https:\/\/www.mancomunidaddetentudia.com\/portal\/wp-json\/wp\/v2\/users\/23"}],"replies":[{"embeddable":true,"href":"https:\/\/www.mancomunidaddetentudia.com\/portal\/wp-json\/wp\/v2\/comments?post=12178"}],"version-history":[{"count":1,"href":"https:\/\/www.mancomunidaddetentudia.com\/portal\/wp-json\/wp\/v2\/posts\/12178\/revisions"}],"predecessor-version":[{"id":12184,"href":"https:\/\/www.mancomunidaddetentudia.com\/portal\/wp-json\/wp\/v2\/posts\/12178\/revisions\/12184"}],"wp:featuredmedia":[{"embeddable":true,"href":"https:\/\/www.mancomunidaddetentudia.com\/portal\/wp-json\/wp\/v2\/media\/12183"}],"wp:attachment":[{"href":"https:\/\/www.mancomunidaddetentudia.com\/portal\/wp-json\/wp\/v2\/media?parent=12178"}],"wp:term":[{"taxonomy":"category","embeddable":true,"href":"https:\/\/www.mancomunidaddetentudia.com\/portal\/wp-json\/wp\/v2\/categories?post=12178"},{"taxonomy":"post_tag","embeddable":true,"href":"https:\/\/www.mancomunidaddetentudia.com\/portal\/wp-json\/wp\/v2\/tags?post=12178"}],"curies":[{"name":"wp","href":"https:\/\/api.w.org\/{rel}","templated":true}]}}