{"id":12245,"date":"2022-09-26T08:44:13","date_gmt":"2022-09-26T07:44:13","guid":{"rendered":"http:\/\/www.mancomunidaddetentudia.com\/portal\/?p=12245"},"modified":"2022-09-26T08:44:15","modified_gmt":"2022-09-26T07:44:15","slug":"noticiario-de-consumo-60","status":"publish","type":"post","link":"https:\/\/www.mancomunidaddetentudia.com\/portal\/noticiario-de-consumo-60\/","title":{"rendered":"NOTICIARIO DE CONSUMO"},"content":{"rendered":"\n<p><strong>El recibo del gas natural bajar\u00e1 un 9% desde octubre por el recorte del IVA&nbsp;<\/strong><\/p>\n\n\n\n<p><a href=\"https:\/\/www.eleconomista.es\/energia\/noticias\/11959613\/09\/22\/-El-recibo-del-gas-natural-bajara-un-9-desde-octubre-por-el-recorte-del-IVA.html\">https:\/\/www.eleconomista.es\/energia\/noticias\/11959613\/09\/22\/-El-recibo-del-gas-natural-bajara-un-9-desde-octubre-por-el-recorte-del-IVA.html<\/a><\/p>\n\n\n\n<p><strong>Fuerte subida del precio de la luz hoy lunes 26 de septiembre: las horas m\u00e1s baratas para poner los electrodom\u00e9sticos&nbsp;<\/strong><\/p>\n\n\n\n<p><a href=\"https:\/\/www.diariovasco.com\/economia\/tu-bolsillo\/precio-luz-horas-baratas-electrodomesticos-20220925131303-nt.html\">https:\/\/www.diariovasco.com\/economia\/tu-bolsillo\/precio-luz-horas-baratas-electrodomesticos-20220925131303-nt.html<\/a><\/p>\n\n\n\n<p><strong>As\u00ed est\u00e1 da\u00f1ando la inflaci\u00f3n al consumidor espa\u00f1ol: se reduce el gasto en productos electr\u00f3nicos, ropa y calzado&nbsp;<\/strong><\/p>\n\n\n\n<p><a href=\"https:\/\/www.20minutos.es\/noticia\/5062168\/0\/asi-esta-danando-la-inflacion-al-consumidor-espanol-se-reduce-el-gasto-en-productos-electronicos-ropa-y-calzado\/\">https:\/\/www.20minutos.es\/noticia\/5062168\/0\/asi-esta-danando-la-inflacion-al-consumidor-espanol-se-reduce-el-gasto-en-productos-electronicos-ropa-y-calzado\/<\/a><\/p>\n\n\n\n<p><strong>Una vecina de Toledo recupera el dinero de sus billetes de vuelo cancelados por la pandemia\u00a0<\/strong><\/p>\n\n\n\n<p><a href=\"https:\/\/www.larazon.es\/economia\/20220922\/wavi57w5enf7zaveegrazcgkii.html\">https:\/\/www.larazon.es\/economia\/20220922\/wavi57w5enf7zaveegrazcgkii.html<\/a><\/p>\n\n\n\n<p><strong>La Justicia europea ve enga\u00f1oso que un abogado cobre penalizaci\u00f3n si abandona un caso&nbsp;<\/strong><\/p>\n\n\n\n<p><a href=\"https:\/\/www.larazon.es\/economia\/20220922\/wavi57w5enf7zaveegrazcgkii.html\">https:\/\/www.larazon.es\/economia\/20220922\/wavi57w5enf7zaveegrazcgkii.html<\/a><\/p>\n\n\n\n<p><strong>Un tercio de los compradores adquiere un coche sin verlo f\u00edsicamente&nbsp;<\/strong><\/p>\n\n\n\n<p><a href=\"https:\/\/www.europapress.es\/motor\/sector-00644\/noticia-tercio-compradores-adquiere-coche-verlo-fisicamente-20220922131820.html\">https:\/\/www.europapress.es\/motor\/sector-00644\/noticia-tercio-compradores-adquiere-coche-verlo-fisicamente-20220922131820.html<\/a><\/p>\n","protected":false},"excerpt":{"rendered":"<p>El recibo del gas natural bajar\u00e1 un 9% desde octubre por el recorte del IVA&nbsp; https:\/\/www.eleconomista.es\/energia\/noticias\/11959613\/09\/22\/-El-recibo-del-gas-natural-bajara-un-9-desde-octubre-por-el-recorte-del-IVA.html Fuerte subida del precio de la luz hoy lunes 26 de septiembre: las horas m\u00e1s baratas para poner los electrodom\u00e9sticos&nbsp; https:\/\/www.diariovasco.com\/economia\/tu-bolsillo\/precio-luz-horas-baratas-electrodomesticos-20220925131303-nt.html As\u00ed est\u00e1 da\u00f1ando la inflaci\u00f3n al consumidor espa\u00f1ol: se reduce el gasto en productos electr\u00f3nicos, ropa y calzado&nbsp; [&hellip;]<\/p>\n","protected":false},"author":23,"featured_media":12246,"comment_status":"open","ping_status":"open","sticky":false,"template":"","format":"standard","meta":{"footnotes":""},"categories":[27,255,24],"tags":[],"class_list":{"0":"post-12245","1":"post","2":"type-post","3":"status-publish","4":"format-standard","5":"has-post-thumbnail","7":"category-actualidad","8":"category-consumo","9":"category-tablon-de-anuncios"},"_links":{"self":[{"href":"https:\/\/www.mancomunidaddetentudia.com\/portal\/wp-json\/wp\/v2\/posts\/12245","targetHints":{"allow":["GET"]}}],"collection":[{"href":"https:\/\/www.mancomunidaddetentudia.com\/portal\/wp-json\/wp\/v2\/posts"}],"about":[{"href":"https:\/\/www.mancomunidaddetentudia.com\/portal\/wp-json\/wp\/v2\/types\/post"}],"author":[{"embeddable":true,"href":"https:\/\/www.mancomunidaddetentudia.com\/portal\/wp-json\/wp\/v2\/users\/23"}],"replies":[{"embeddable":true,"href":"https:\/\/www.mancomunidaddetentudia.com\/portal\/wp-json\/wp\/v2\/comments?post=12245"}],"version-history":[{"count":1,"href":"https:\/\/www.mancomunidaddetentudia.com\/portal\/wp-json\/wp\/v2\/posts\/12245\/revisions"}],"predecessor-version":[{"id":12247,"href":"https:\/\/www.mancomunidaddetentudia.com\/portal\/wp-json\/wp\/v2\/posts\/12245\/revisions\/12247"}],"wp:featuredmedia":[{"embeddable":true,"href":"https:\/\/www.mancomunidaddetentudia.com\/portal\/wp-json\/wp\/v2\/media\/12246"}],"wp:attachment":[{"href":"https:\/\/www.mancomunidaddetentudia.com\/portal\/wp-json\/wp\/v2\/media?parent=12245"}],"wp:term":[{"taxonomy":"category","embeddable":true,"href":"https:\/\/www.mancomunidaddetentudia.com\/portal\/wp-json\/wp\/v2\/categories?post=12245"},{"taxonomy":"post_tag","embeddable":true,"href":"https:\/\/www.mancomunidaddetentudia.com\/portal\/wp-json\/wp\/v2\/tags?post=12245"}],"curies":[{"name":"wp","href":"https:\/\/api.w.org\/{rel}","templated":true}]}}