{"id":12255,"date":"2022-10-05T07:40:22","date_gmt":"2022-10-05T06:40:22","guid":{"rendered":"http:\/\/www.mancomunidaddetentudia.com\/portal\/?p=12255"},"modified":"2022-10-05T07:40:24","modified_gmt":"2022-10-05T06:40:24","slug":"inaugurada-la-nueva-escuela-profesional-dual-tentudia-en-la-especialidad-de-servicio-de-bar-y-caferteria","status":"publish","type":"post","link":"https:\/\/www.mancomunidaddetentudia.com\/portal\/inaugurada-la-nueva-escuela-profesional-dual-tentudia-en-la-especialidad-de-servicio-de-bar-y-caferteria\/","title":{"rendered":"INAUGURADA LA NUEVA ESCUELA PROFESIONAL DUAL TENTUD\u00cdA EN LA ESPECIALIDAD DE \u201cSERVICIO DE BAR Y CAFERTER\u00cdA\u201d"},"content":{"rendered":"\n<p>El pasado 3 de octubre se celebr\u00f3 la inauguraci\u00f3n de la Escuela Profesional Dual Tentud\u00eda en la especialidad de servicio de Bar y Cafeter\u00eda, cita que se llev\u00f3 a cabo en la sede de la Mancomunidad de Tentud\u00eda ubicada en la localidad de Monesterio.<\/p>\n\n\n\n<p>Tanto el alumnado como el equipo t\u00e9cnico se alojar\u00e1 en el Centro de Formaci\u00f3n Profesional de la Mancomunidad de Tentud\u00eda durante los pr\u00f3ximos 12 meses.<\/p>\n\n\n\n<p>Los 15 alumnos que participar\u00e1n en la escuela proceden de las localidades de Bienvenida, Bodonal de la Sierra, Cabeza la Vaca, Calera de Le\u00f3n, Fuentes de Le\u00f3n y Segura de Le\u00f3n.<\/p>\n\n\n\n<p>El acto lo abr\u00eda el gerente de la Mancomunidad de Tentud\u00eda, Jes\u00fas Aparicio L\u00f3pez quien dar\u00eda la bienvenida a todos los presentes y a quienes \u00e9l mismo ir\u00eda presentando, trasladando a continuaci\u00f3n el turno de la palabra a Mercedes D\u00edaz Ba\u00f1os, presidenta de la Mancomunidad, quien desde el CID Centro de Desarrollo Integral de Tentud\u00eda y de la Diputaci\u00f3n de Badajoz se dirigir\u00eda a los asistentes al acto de este modo: &nbsp;\u201cEs una alegr\u00eda volver a empezar una Escuela Profesional de formaci\u00f3n como esta que empezamos hoy, para nosotros es muy importante formar y hacerlo en el territorio sobre las necesidades que se tienen en el mismo\u201d.<\/p>\n\n\n\n<p>Jes\u00fas Aparicio agradec\u00eda a los alcaldes el compromiso, a Manuel V\u00e1zquez Villanueva, alcalde de Cabeza la Vaca, Lourdes Linares de Bodonal de la Sierra; Victoria Fern\u00e1ndez representante y concejal de Turismo de Fuentes de Le\u00f3n y Antonio Carmona de Bienvenida, dando paso a la directora de la Escuela Profesional, Exalti Fontecha, quien agradeci\u00f3 la presencia a alcaldes y concejales, y finaliz\u00f3 el acto presentando al resto del equipo t\u00e9cnico:\u00a0 Diego M. Zambrano (monitor), Manuel Liberal Garc\u00eda (Monitor) y Elisabeth Pic\u00f3n (Coordinadora de formaci\u00f3n).<\/p>\n\n\n\n<figure class=\"wp-block-image size-large\"><img loading=\"lazy\" decoding=\"async\" width=\"1024\" height=\"768\" src=\"https:\/\/www.mancomunidaddetentudia.com\/portal\/wp-content\/uploads\/2022\/10\/310133587_487739913385265_5475640854840730215_n.jpg\" alt=\"\" class=\"wp-image-12257\" srcset=\"https:\/\/www.mancomunidaddetentudia.com\/portal\/wp-content\/uploads\/2022\/10\/310133587_487739913385265_5475640854840730215_n.jpg 1024w, https:\/\/www.mancomunidaddetentudia.com\/portal\/wp-content\/uploads\/2022\/10\/310133587_487739913385265_5475640854840730215_n-300x225.jpg 300w, https:\/\/www.mancomunidaddetentudia.com\/portal\/wp-content\/uploads\/2022\/10\/310133587_487739913385265_5475640854840730215_n-768x576.jpg 768w, https:\/\/www.mancomunidaddetentudia.com\/portal\/wp-content\/uploads\/2022\/10\/310133587_487739913385265_5475640854840730215_n-80x60.jpg 80w, https:\/\/www.mancomunidaddetentudia.com\/portal\/wp-content\/uploads\/2022\/10\/310133587_487739913385265_5475640854840730215_n-265x198.jpg 265w, https:\/\/www.mancomunidaddetentudia.com\/portal\/wp-content\/uploads\/2022\/10\/310133587_487739913385265_5475640854840730215_n-696x522.jpg 696w, https:\/\/www.mancomunidaddetentudia.com\/portal\/wp-content\/uploads\/2022\/10\/310133587_487739913385265_5475640854840730215_n-560x420.jpg 560w\" sizes=\"auto, (max-width: 1024px) 100vw, 1024px\" \/><\/figure>\n","protected":false},"excerpt":{"rendered":"<p>El pasado 3 de octubre se celebr\u00f3 la inauguraci\u00f3n de la Escuela Profesional Dual Tentud\u00eda en la especialidad de servicio de Bar y Cafeter\u00eda, cita que se llev\u00f3 a cabo en la sede de la Mancomunidad de Tentud\u00eda ubicada en la localidad de Monesterio. Tanto el alumnado como el equipo t\u00e9cnico se alojar\u00e1 en el [&hellip;]<\/p>\n","protected":false},"author":23,"featured_media":12256,"comment_status":"open","ping_status":"open","sticky":false,"template":"","format":"standard","meta":{"footnotes":""},"categories":[27,37,271,68,23,24],"tags":[],"class_list":{"0":"post-12255","1":"post","2":"type-post","3":"status-publish","4":"format-standard","5":"has-post-thumbnail","7":"category-actualidad","8":"category-destacados","9":"category-escuela-profesional","10":"category-mancomunidad","11":"category-notas-de-prensa","12":"category-tablon-de-anuncios"},"_links":{"self":[{"href":"https:\/\/www.mancomunidaddetentudia.com\/portal\/wp-json\/wp\/v2\/posts\/12255","targetHints":{"allow":["GET"]}}],"collection":[{"href":"https:\/\/www.mancomunidaddetentudia.com\/portal\/wp-json\/wp\/v2\/posts"}],"about":[{"href":"https:\/\/www.mancomunidaddetentudia.com\/portal\/wp-json\/wp\/v2\/types\/post"}],"author":[{"embeddable":true,"href":"https:\/\/www.mancomunidaddetentudia.com\/portal\/wp-json\/wp\/v2\/users\/23"}],"replies":[{"embeddable":true,"href":"https:\/\/www.mancomunidaddetentudia.com\/portal\/wp-json\/wp\/v2\/comments?post=12255"}],"version-history":[{"count":1,"href":"https:\/\/www.mancomunidaddetentudia.com\/portal\/wp-json\/wp\/v2\/posts\/12255\/revisions"}],"predecessor-version":[{"id":12259,"href":"https:\/\/www.mancomunidaddetentudia.com\/portal\/wp-json\/wp\/v2\/posts\/12255\/revisions\/12259"}],"wp:featuredmedia":[{"embeddable":true,"href":"https:\/\/www.mancomunidaddetentudia.com\/portal\/wp-json\/wp\/v2\/media\/12256"}],"wp:attachment":[{"href":"https:\/\/www.mancomunidaddetentudia.com\/portal\/wp-json\/wp\/v2\/media?parent=12255"}],"wp:term":[{"taxonomy":"category","embeddable":true,"href":"https:\/\/www.mancomunidaddetentudia.com\/portal\/wp-json\/wp\/v2\/categories?post=12255"},{"taxonomy":"post_tag","embeddable":true,"href":"https:\/\/www.mancomunidaddetentudia.com\/portal\/wp-json\/wp\/v2\/tags?post=12255"}],"curies":[{"name":"wp","href":"https:\/\/api.w.org\/{rel}","templated":true}]}}