{"id":12260,"date":"2022-10-10T17:57:47","date_gmt":"2022-10-10T16:57:47","guid":{"rendered":"http:\/\/www.mancomunidaddetentudia.com\/portal\/?p=12260"},"modified":"2022-10-10T17:57:50","modified_gmt":"2022-10-10T16:57:50","slug":"tentudia-comparte-su-experiencia-en-el-seminario-internacional-de-mancomunidades-que-se-celebra-en-paraguay","status":"publish","type":"post","link":"https:\/\/www.mancomunidaddetentudia.com\/portal\/tentudia-comparte-su-experiencia-en-el-seminario-internacional-de-mancomunidades-que-se-celebra-en-paraguay\/","title":{"rendered":"TENTUD\u00cdA COMPARTE SU EXPERIENCIA EN EL SEMINARIO INTERNACIONAL DE MANCOMUNIDADES QUE SE CELEBRA EN PARAGUAY"},"content":{"rendered":"\n<p>En el d\u00eda de hoy se est\u00e1 celebrando en Asunci\u00f3n el \u201cSeminario Internacional Mancomunidades Municipales\u201d, donde Mancomunidades de Paraguay, El Salvador, Honduras, Bolivia y Extremadura est\u00e1n compartiendo su experiencia de gesti\u00f3n supramunicipal con municipios y entidades p\u00fablicas de Paraguay.<\/p>\n\n\n\n<p>El objetivo es posicionar en el debate institucional paraguayo la figura de la Mancomunidad como una buena alternativa para que los municipios paraguayos puedan mejorar la gesti\u00f3n y prestaci\u00f3n de servicios a su ciudadan\u00eda. <\/p>\n\n\n\n<p>La delegaci\u00f3n extreme\u00f1a est\u00e1 liderada por Carlos Carlos, Presidente de la <a href=\"https:\/\/www.facebook.com\/DiputacionDeCaceres\/?__cft__[0]=AZUO9jae9Q9rSFYZI8HsRTg1bZPvt9iktHrPptMd3wxQh1-a35YXmSS2neUDe2zuUvHf1kAwguAdi6-O4IrF8WBmPHr0rLJ1uwoS2ECoH3mLcba4011w_eXkYU_ML7ewcYJ43jzdsnbUeFrIpBDZOT4XLXM3rWS19xMucC7cTM9emqSf81mM0Ez-LMepqhJS4p2QxZf7Xb9OKJ-AwTLaaLamWG7ILbDCPu0jsV9C7XvWatNvhrOdq3WKARa2iCxmBz8&amp;__tn__=kK-y-R\">Diputaci\u00f3n Provincial de C\u00e1ceres<\/a> y Vicepresidente 1\u00ba de FELCODE, y completan la misi\u00f3n extreme\u00f1a representantes de la <a href=\"https:\/\/www.facebook.com\/profile.php?id=100080666801242&amp;__cft__[0]=AZUO9jae9Q9rSFYZI8HsRTg1bZPvt9iktHrPptMd3wxQh1-a35YXmSS2neUDe2zuUvHf1kAwguAdi6-O4IrF8WBmPHr0rLJ1uwoS2ECoH3mLcba4011w_eXkYU_ML7ewcYJ43jzdsnbUeFrIpBDZOT4XLXM3rWS19xMucC7cTM9emqSf81mM0Ez-LMepqhJS4p2QxZf7Xb9OKJ-AwTLaaLamWG7ILbDCPu0jsV9C7XvWatNvhrOdq3WKARa2iCxmBz8&amp;__tn__=-]K-y-R\">Mancomunidad Intermunicipal de la Vera<\/a> y de la <a href=\"https:\/\/www.facebook.com\/Mancomunidad.tentudia\/?__cft__[0]=AZUO9jae9Q9rSFYZI8HsRTg1bZPvt9iktHrPptMd3wxQh1-a35YXmSS2neUDe2zuUvHf1kAwguAdi6-O4IrF8WBmPHr0rLJ1uwoS2ECoH3mLcba4011w_eXkYU_ML7ewcYJ43jzdsnbUeFrIpBDZOT4XLXM3rWS19xMucC7cTM9emqSf81mM0Ez-LMepqhJS4p2QxZf7Xb9OKJ-AwTLaaLamWG7ILbDCPu0jsV9C7XvWatNvhrOdq3WKARa2iCxmBz8&amp;__tn__=kK-y-R\">Mancomunidad de Tentud\u00eda<\/a>, con la presencia en este \u00faltimo caso de la presidenta, Mercedes D\u00edaz, y el gerente de la misma, Jes\u00fas Aparicio.<\/p>\n\n\n\n<p>Esta actividad se enmarca en el proyecto de apoyo a la <a href=\"https:\/\/www.facebook.com\/mancomunidaddecordillerita?__cft__[0]=AZUO9jae9Q9rSFYZI8HsRTg1bZPvt9iktHrPptMd3wxQh1-a35YXmSS2neUDe2zuUvHf1kAwguAdi6-O4IrF8WBmPHr0rLJ1uwoS2ECoH3mLcba4011w_eXkYU_ML7ewcYJ43jzdsnbUeFrIpBDZOT4XLXM3rWS19xMucC7cTM9emqSf81mM0Ez-LMepqhJS4p2QxZf7Xb9OKJ-AwTLaaLamWG7ILbDCPu0jsV9C7XvWatNvhrOdq3WKARa2iCxmBz8&amp;__tn__=-]K-y-R\">Mancomunidad Cordillerita<\/a> \u2013organizadora de este evento junto con al entidad paraguaya Gesti\u00f3n Local\u2013 que cuenta con el apoyo y la financiaci\u00f3n de las Diputaciones de C\u00e1ceres y <a href=\"https:\/\/www.facebook.com\/DiputaciondeBadajoz?__cft__[0]=AZUO9jae9Q9rSFYZI8HsRTg1bZPvt9iktHrPptMd3wxQh1-a35YXmSS2neUDe2zuUvHf1kAwguAdi6-O4IrF8WBmPHr0rLJ1uwoS2ECoH3mLcba4011w_eXkYU_ML7ewcYJ43jzdsnbUeFrIpBDZOT4XLXM3rWS19xMucC7cTM9emqSf81mM0Ez-LMepqhJS4p2QxZf7Xb9OKJ-AwTLaaLamWG7ILbDCPu0jsV9C7XvWatNvhrOdq3WKARa2iCxmBz8&amp;__tn__=-]K-y-R\">Diputaci\u00f3n de Badajoz<\/a>, y con la colaboraci\u00f3n de la <a href=\"https:\/\/www.facebook.com\/Aecid.es\/?__cft__[0]=AZUO9jae9Q9rSFYZI8HsRTg1bZPvt9iktHrPptMd3wxQh1-a35YXmSS2neUDe2zuUvHf1kAwguAdi6-O4IrF8WBmPHr0rLJ1uwoS2ECoH3mLcba4011w_eXkYU_ML7ewcYJ43jzdsnbUeFrIpBDZOT4XLXM3rWS19xMucC7cTM9emqSf81mM0Ez-LMepqhJS4p2QxZf7Xb9OKJ-AwTLaaLamWG7ILbDCPu0jsV9C7XvWatNvhrOdq3WKARa2iCxmBz8&amp;__tn__=kK-y-R\">AECID<\/a> en Paraguay, cuya coordinadora, Mar\u00eda del Mar Humberto Cardoso, ha participado en la inauguraci\u00f3n del Seminario.<\/p>\n\n\n\n<figure class=\"wp-block-image size-large\"><img loading=\"lazy\" decoding=\"async\" width=\"1024\" height=\"768\" src=\"https:\/\/www.mancomunidaddetentudia.com\/portal\/wp-content\/uploads\/2022\/10\/12b109d3-9f5b-41bd-b17e-cbd5425a2859-1024x768.jpg\" alt=\"\" class=\"wp-image-12262\" srcset=\"https:\/\/www.mancomunidaddetentudia.com\/portal\/wp-content\/uploads\/2022\/10\/12b109d3-9f5b-41bd-b17e-cbd5425a2859-1024x768.jpg 1024w, https:\/\/www.mancomunidaddetentudia.com\/portal\/wp-content\/uploads\/2022\/10\/12b109d3-9f5b-41bd-b17e-cbd5425a2859-300x225.jpg 300w, https:\/\/www.mancomunidaddetentudia.com\/portal\/wp-content\/uploads\/2022\/10\/12b109d3-9f5b-41bd-b17e-cbd5425a2859-768x576.jpg 768w, https:\/\/www.mancomunidaddetentudia.com\/portal\/wp-content\/uploads\/2022\/10\/12b109d3-9f5b-41bd-b17e-cbd5425a2859-1536x1152.jpg 1536w, https:\/\/www.mancomunidaddetentudia.com\/portal\/wp-content\/uploads\/2022\/10\/12b109d3-9f5b-41bd-b17e-cbd5425a2859-80x60.jpg 80w, https:\/\/www.mancomunidaddetentudia.com\/portal\/wp-content\/uploads\/2022\/10\/12b109d3-9f5b-41bd-b17e-cbd5425a2859-265x198.jpg 265w, https:\/\/www.mancomunidaddetentudia.com\/portal\/wp-content\/uploads\/2022\/10\/12b109d3-9f5b-41bd-b17e-cbd5425a2859-696x522.jpg 696w, https:\/\/www.mancomunidaddetentudia.com\/portal\/wp-content\/uploads\/2022\/10\/12b109d3-9f5b-41bd-b17e-cbd5425a2859-1068x801.jpg 1068w, https:\/\/www.mancomunidaddetentudia.com\/portal\/wp-content\/uploads\/2022\/10\/12b109d3-9f5b-41bd-b17e-cbd5425a2859-560x420.jpg 560w, https:\/\/www.mancomunidaddetentudia.com\/portal\/wp-content\/uploads\/2022\/10\/12b109d3-9f5b-41bd-b17e-cbd5425a2859.jpg 2048w\" sizes=\"auto, (max-width: 1024px) 100vw, 1024px\" \/><\/figure>\n\n\n\n<figure class=\"wp-block-image size-large\"><img loading=\"lazy\" decoding=\"async\" width=\"1024\" height=\"768\" src=\"https:\/\/www.mancomunidaddetentudia.com\/portal\/wp-content\/uploads\/2022\/10\/45f9e7de-9398-4018-829e-2569613e072b-1024x768.jpg\" alt=\"\" class=\"wp-image-12263\" srcset=\"https:\/\/www.mancomunidaddetentudia.com\/portal\/wp-content\/uploads\/2022\/10\/45f9e7de-9398-4018-829e-2569613e072b-1024x768.jpg 1024w, https:\/\/www.mancomunidaddetentudia.com\/portal\/wp-content\/uploads\/2022\/10\/45f9e7de-9398-4018-829e-2569613e072b-300x225.jpg 300w, https:\/\/www.mancomunidaddetentudia.com\/portal\/wp-content\/uploads\/2022\/10\/45f9e7de-9398-4018-829e-2569613e072b-768x576.jpg 768w, https:\/\/www.mancomunidaddetentudia.com\/portal\/wp-content\/uploads\/2022\/10\/45f9e7de-9398-4018-829e-2569613e072b-1536x1152.jpg 1536w, https:\/\/www.mancomunidaddetentudia.com\/portal\/wp-content\/uploads\/2022\/10\/45f9e7de-9398-4018-829e-2569613e072b-80x60.jpg 80w, https:\/\/www.mancomunidaddetentudia.com\/portal\/wp-content\/uploads\/2022\/10\/45f9e7de-9398-4018-829e-2569613e072b-265x198.jpg 265w, https:\/\/www.mancomunidaddetentudia.com\/portal\/wp-content\/uploads\/2022\/10\/45f9e7de-9398-4018-829e-2569613e072b-696x522.jpg 696w, https:\/\/www.mancomunidaddetentudia.com\/portal\/wp-content\/uploads\/2022\/10\/45f9e7de-9398-4018-829e-2569613e072b-1068x801.jpg 1068w, https:\/\/www.mancomunidaddetentudia.com\/portal\/wp-content\/uploads\/2022\/10\/45f9e7de-9398-4018-829e-2569613e072b-560x420.jpg 560w, https:\/\/www.mancomunidaddetentudia.com\/portal\/wp-content\/uploads\/2022\/10\/45f9e7de-9398-4018-829e-2569613e072b.jpg 2048w\" sizes=\"auto, (max-width: 1024px) 100vw, 1024px\" \/><\/figure>\n\n\n\n<figure class=\"wp-block-image size-large\"><img loading=\"lazy\" decoding=\"async\" width=\"1024\" height=\"768\" src=\"https:\/\/www.mancomunidaddetentudia.com\/portal\/wp-content\/uploads\/2022\/10\/be33ffe8-3850-4b88-b283-bc3c08f6d758-1024x768.jpg\" alt=\"\" class=\"wp-image-12264\" srcset=\"https:\/\/www.mancomunidaddetentudia.com\/portal\/wp-content\/uploads\/2022\/10\/be33ffe8-3850-4b88-b283-bc3c08f6d758-1024x768.jpg 1024w, https:\/\/www.mancomunidaddetentudia.com\/portal\/wp-content\/uploads\/2022\/10\/be33ffe8-3850-4b88-b283-bc3c08f6d758-300x225.jpg 300w, https:\/\/www.mancomunidaddetentudia.com\/portal\/wp-content\/uploads\/2022\/10\/be33ffe8-3850-4b88-b283-bc3c08f6d758-768x576.jpg 768w, https:\/\/www.mancomunidaddetentudia.com\/portal\/wp-content\/uploads\/2022\/10\/be33ffe8-3850-4b88-b283-bc3c08f6d758-1536x1152.jpg 1536w, https:\/\/www.mancomunidaddetentudia.com\/portal\/wp-content\/uploads\/2022\/10\/be33ffe8-3850-4b88-b283-bc3c08f6d758-80x60.jpg 80w, https:\/\/www.mancomunidaddetentudia.com\/portal\/wp-content\/uploads\/2022\/10\/be33ffe8-3850-4b88-b283-bc3c08f6d758-265x198.jpg 265w, https:\/\/www.mancomunidaddetentudia.com\/portal\/wp-content\/uploads\/2022\/10\/be33ffe8-3850-4b88-b283-bc3c08f6d758-696x522.jpg 696w, https:\/\/www.mancomunidaddetentudia.com\/portal\/wp-content\/uploads\/2022\/10\/be33ffe8-3850-4b88-b283-bc3c08f6d758-1068x801.jpg 1068w, https:\/\/www.mancomunidaddetentudia.com\/portal\/wp-content\/uploads\/2022\/10\/be33ffe8-3850-4b88-b283-bc3c08f6d758-560x420.jpg 560w, https:\/\/www.mancomunidaddetentudia.com\/portal\/wp-content\/uploads\/2022\/10\/be33ffe8-3850-4b88-b283-bc3c08f6d758.jpg 2048w\" sizes=\"auto, (max-width: 1024px) 100vw, 1024px\" \/><\/figure>\n\n\n\n<figure class=\"wp-block-image size-large\"><img loading=\"lazy\" decoding=\"async\" width=\"1024\" height=\"768\" src=\"https:\/\/www.mancomunidaddetentudia.com\/portal\/wp-content\/uploads\/2022\/10\/d6f770bb-5432-45a8-b59d-c7d8a5bc1b2d-1024x768.jpg\" alt=\"\" class=\"wp-image-12265\" srcset=\"https:\/\/www.mancomunidaddetentudia.com\/portal\/wp-content\/uploads\/2022\/10\/d6f770bb-5432-45a8-b59d-c7d8a5bc1b2d-1024x768.jpg 1024w, https:\/\/www.mancomunidaddetentudia.com\/portal\/wp-content\/uploads\/2022\/10\/d6f770bb-5432-45a8-b59d-c7d8a5bc1b2d-300x225.jpg 300w, https:\/\/www.mancomunidaddetentudia.com\/portal\/wp-content\/uploads\/2022\/10\/d6f770bb-5432-45a8-b59d-c7d8a5bc1b2d-768x576.jpg 768w, https:\/\/www.mancomunidaddetentudia.com\/portal\/wp-content\/uploads\/2022\/10\/d6f770bb-5432-45a8-b59d-c7d8a5bc1b2d-1536x1152.jpg 1536w, https:\/\/www.mancomunidaddetentudia.com\/portal\/wp-content\/uploads\/2022\/10\/d6f770bb-5432-45a8-b59d-c7d8a5bc1b2d-80x60.jpg 80w, https:\/\/www.mancomunidaddetentudia.com\/portal\/wp-content\/uploads\/2022\/10\/d6f770bb-5432-45a8-b59d-c7d8a5bc1b2d-265x198.jpg 265w, https:\/\/www.mancomunidaddetentudia.com\/portal\/wp-content\/uploads\/2022\/10\/d6f770bb-5432-45a8-b59d-c7d8a5bc1b2d-696x522.jpg 696w, https:\/\/www.mancomunidaddetentudia.com\/portal\/wp-content\/uploads\/2022\/10\/d6f770bb-5432-45a8-b59d-c7d8a5bc1b2d-1068x801.jpg 1068w, https:\/\/www.mancomunidaddetentudia.com\/portal\/wp-content\/uploads\/2022\/10\/d6f770bb-5432-45a8-b59d-c7d8a5bc1b2d-560x420.jpg 560w, https:\/\/www.mancomunidaddetentudia.com\/portal\/wp-content\/uploads\/2022\/10\/d6f770bb-5432-45a8-b59d-c7d8a5bc1b2d.jpg 2048w\" sizes=\"auto, (max-width: 1024px) 100vw, 1024px\" \/><\/figure>\n","protected":false},"excerpt":{"rendered":"<p>En el d\u00eda de hoy se est\u00e1 celebrando en Asunci\u00f3n el \u201cSeminario Internacional Mancomunidades Municipales\u201d, donde Mancomunidades de Paraguay, El Salvador, Honduras, Bolivia y Extremadura est\u00e1n compartiendo su experiencia de gesti\u00f3n supramunicipal con municipios y entidades p\u00fablicas de Paraguay. El objetivo es posicionar en el debate institucional paraguayo la figura de la Mancomunidad como una [&hellip;]<\/p>\n","protected":false},"author":23,"featured_media":12261,"comment_status":"open","ping_status":"open","sticky":false,"template":"","format":"standard","meta":{"footnotes":""},"categories":[27,53,37,68,23,24],"tags":[],"class_list":{"0":"post-12260","1":"post","2":"type-post","3":"status-publish","4":"format-standard","5":"has-post-thumbnail","7":"category-actualidad","8":"category-citas-y-eventos","9":"category-destacados","10":"category-mancomunidad","11":"category-notas-de-prensa","12":"category-tablon-de-anuncios"},"_links":{"self":[{"href":"https:\/\/www.mancomunidaddetentudia.com\/portal\/wp-json\/wp\/v2\/posts\/12260","targetHints":{"allow":["GET"]}}],"collection":[{"href":"https:\/\/www.mancomunidaddetentudia.com\/portal\/wp-json\/wp\/v2\/posts"}],"about":[{"href":"https:\/\/www.mancomunidaddetentudia.com\/portal\/wp-json\/wp\/v2\/types\/post"}],"author":[{"embeddable":true,"href":"https:\/\/www.mancomunidaddetentudia.com\/portal\/wp-json\/wp\/v2\/users\/23"}],"replies":[{"embeddable":true,"href":"https:\/\/www.mancomunidaddetentudia.com\/portal\/wp-json\/wp\/v2\/comments?post=12260"}],"version-history":[{"count":1,"href":"https:\/\/www.mancomunidaddetentudia.com\/portal\/wp-json\/wp\/v2\/posts\/12260\/revisions"}],"predecessor-version":[{"id":12266,"href":"https:\/\/www.mancomunidaddetentudia.com\/portal\/wp-json\/wp\/v2\/posts\/12260\/revisions\/12266"}],"wp:featuredmedia":[{"embeddable":true,"href":"https:\/\/www.mancomunidaddetentudia.com\/portal\/wp-json\/wp\/v2\/media\/12261"}],"wp:attachment":[{"href":"https:\/\/www.mancomunidaddetentudia.com\/portal\/wp-json\/wp\/v2\/media?parent=12260"}],"wp:term":[{"taxonomy":"category","embeddable":true,"href":"https:\/\/www.mancomunidaddetentudia.com\/portal\/wp-json\/wp\/v2\/categories?post=12260"},{"taxonomy":"post_tag","embeddable":true,"href":"https:\/\/www.mancomunidaddetentudia.com\/portal\/wp-json\/wp\/v2\/tags?post=12260"}],"curies":[{"name":"wp","href":"https:\/\/api.w.org\/{rel}","templated":true}]}}