{"id":12300,"date":"2022-11-14T10:25:40","date_gmt":"2022-11-14T09:25:40","guid":{"rendered":"http:\/\/www.mancomunidaddetentudia.com\/portal\/?p=12300"},"modified":"2022-11-14T10:25:42","modified_gmt":"2022-11-14T09:25:42","slug":"consejos-para-el-black-friday-y-cyber-monday","status":"publish","type":"post","link":"https:\/\/www.mancomunidaddetentudia.com\/portal\/consejos-para-el-black-friday-y-cyber-monday\/","title":{"rendered":"CONSEJOS PARA EL BLACK FRIDAY Y CYBER MONDAY"},"content":{"rendered":"\n<p>El Black Friday se celebrar\u00e1 el pr\u00f3ximo 25 de noviembre de 2022. Se conoce como \u00abBlack Friday\u00bb al evento originario de los Estados Unidos por el cual algunos comercios ofrecen una serie de descuentos en sus productos. Este evento tiene lugar justamente tras el D\u00eda de Acci\u00f3n de Gracias en Estados Unidos.<\/p>\n\n\n\n<p>En Espa\u00f1a, cada vez m\u00e1s comercios imitan esta tradici\u00f3n estadounidense y ofertan productos aplicando unos descuentos especiales. A esta idea, se ha unido, adem\u00e1s, hacerlo el lunes siguiente bajo el t\u00e9rmino Cyber Monday para productos a trav\u00e9s del comercio electr\u00f3nico. Es importante que las personas consumidoras conozcan las recomendaciones a seguir durante la celebraci\u00f3n de estos eventos.<\/p>\n\n\n\n<p>Desde el INCOEX queremos aportar una serie de consejos para ser precavidos ante la avalancha de \u00abofertas\u00bb que nos vamos a encontrar.Si quieres estar informado accede al siguiente enlace:<\/p>\n\n\n\n<p><a href=\"https:\/\/saludextremadura.ses.es\/incoex\/detalle-contenido-estructurado?content=2005806&amp;refMenu=#\">https:\/\/saludextremadura.ses.es\/incoex\/detalle-contenido-estructurado?content=2005806&amp;refMenu=#<\/a><\/p>\n","protected":false},"excerpt":{"rendered":"<p>El Black Friday se celebrar\u00e1 el pr\u00f3ximo 25 de noviembre de 2022. Se conoce como \u00abBlack Friday\u00bb al evento originario de los Estados Unidos por el cual algunos comercios ofrecen una serie de descuentos en sus productos. Este evento tiene lugar justamente tras el D\u00eda de Acci\u00f3n de Gracias en Estados Unidos. En Espa\u00f1a, cada [&hellip;]<\/p>\n","protected":false},"author":23,"featured_media":12301,"comment_status":"open","ping_status":"open","sticky":false,"template":"","format":"standard","meta":{"footnotes":""},"categories":[27,255,37,23,24],"tags":[],"class_list":{"0":"post-12300","1":"post","2":"type-post","3":"status-publish","4":"format-standard","5":"has-post-thumbnail","7":"category-actualidad","8":"category-consumo","9":"category-destacados","10":"category-notas-de-prensa","11":"category-tablon-de-anuncios"},"_links":{"self":[{"href":"https:\/\/www.mancomunidaddetentudia.com\/portal\/wp-json\/wp\/v2\/posts\/12300","targetHints":{"allow":["GET"]}}],"collection":[{"href":"https:\/\/www.mancomunidaddetentudia.com\/portal\/wp-json\/wp\/v2\/posts"}],"about":[{"href":"https:\/\/www.mancomunidaddetentudia.com\/portal\/wp-json\/wp\/v2\/types\/post"}],"author":[{"embeddable":true,"href":"https:\/\/www.mancomunidaddetentudia.com\/portal\/wp-json\/wp\/v2\/users\/23"}],"replies":[{"embeddable":true,"href":"https:\/\/www.mancomunidaddetentudia.com\/portal\/wp-json\/wp\/v2\/comments?post=12300"}],"version-history":[{"count":1,"href":"https:\/\/www.mancomunidaddetentudia.com\/portal\/wp-json\/wp\/v2\/posts\/12300\/revisions"}],"predecessor-version":[{"id":12302,"href":"https:\/\/www.mancomunidaddetentudia.com\/portal\/wp-json\/wp\/v2\/posts\/12300\/revisions\/12302"}],"wp:featuredmedia":[{"embeddable":true,"href":"https:\/\/www.mancomunidaddetentudia.com\/portal\/wp-json\/wp\/v2\/media\/12301"}],"wp:attachment":[{"href":"https:\/\/www.mancomunidaddetentudia.com\/portal\/wp-json\/wp\/v2\/media?parent=12300"}],"wp:term":[{"taxonomy":"category","embeddable":true,"href":"https:\/\/www.mancomunidaddetentudia.com\/portal\/wp-json\/wp\/v2\/categories?post=12300"},{"taxonomy":"post_tag","embeddable":true,"href":"https:\/\/www.mancomunidaddetentudia.com\/portal\/wp-json\/wp\/v2\/tags?post=12300"}],"curies":[{"name":"wp","href":"https:\/\/api.w.org\/{rel}","templated":true}]}}