{"id":12339,"date":"2023-01-11T10:10:12","date_gmt":"2023-01-11T09:10:12","guid":{"rendered":"http:\/\/www.mancomunidaddetentudia.com\/portal\/?p=12339"},"modified":"2023-01-11T10:10:16","modified_gmt":"2023-01-11T09:10:16","slug":"noticiario-de-consumo-64","status":"publish","type":"post","link":"https:\/\/www.mancomunidaddetentudia.com\/portal\/noticiario-de-consumo-64\/","title":{"rendered":"NOTICIARIO DE CONSUMO"},"content":{"rendered":"\n<p><strong>Falsas ofertas, problemas con devoluciones y descuentos escasos: la percepci\u00f3n que tienen los consumidores sobre las rebajas de enero&nbsp;<\/strong><\/p>\n\n\n\n<p><a href=\"https:\/\/www.20minutos.es\/noticia\/5090699\/0\/falsas-ofertas-problemas-con-devoluciones-y-descuentos-escasos-la-percepcion-que-tienen-los-consumidores-sobre-las-rebajas-de-enero\/\">https:\/\/www.20minutos.es\/noticia\/5090699\/0\/falsas-ofertas-problemas-con-devoluciones-y-descuentos-escasos-la-percepcion-que-tienen-los-consumidores-sobre-las-rebajas-de-enero\/<\/a><\/p>\n\n\n\n<p><strong>La extinci\u00f3n de las libretas bancarias amenaza el acceso de los m\u00e1s mayores&nbsp;<\/strong><\/p>\n\n\n\n<p><a href=\"https:\/\/www.lainformacion.com\/economia-negocios-y-finanzas\/extincion-libretas-bancarias-amenaza-acceso-mayores\/2879524\/\">https:\/\/www.lainformacion.com\/economia-negocios-y-finanzas\/extincion-libretas-bancarias-amenaza-acceso-mayores\/2879524\/<\/a><\/p>\n\n\n\n<p><strong>Una empresa cambia la etiqueta de las prendas de Zara y las revende seis veces m\u00e1s cara&nbsp;<\/strong><\/p>\n\n\n\n<p><a href=\"https:\/\/www.elperiodico.com\/es\/vida-y-estilo\/20230110\/zara-cambio-etiqueta-thiliko-revende-mas-cara-dv-80990445\">https:\/\/www.elperiodico.com\/es\/vida-y-estilo\/20230110\/zara-cambio-etiqueta-thiliko-revende-mas-cara-dv-80990445<\/a><\/p>\n\n\n\n<p><strong>Los consumidores demandan m\u00e1s informaci\u00f3n para reciclar mejor&nbsp;<\/strong><\/p>\n\n\n\n<p><a href=\"https:\/\/www.alimarket.es\/envase\/noticia\/363650\/los-consumidores-demandan-mas-informacion-para-reciclar-mejor\">https:\/\/www.alimarket.es\/envase\/noticia\/363650\/los-consumidores-demandan-mas-informacion-para-reciclar-mejor<\/a><\/p>\n\n\n\n<p><strong>AEB y Madrid formar\u00e1n a los consumidores en ciberseguridad&nbsp;<\/strong><\/p>\n\n\n\n<figure class=\"wp-block-embed-wordpress wp-block-embed is-type-wp-embed is-provider-noticias-bancarias\"><div class=\"wp-block-embed__wrapper\">\n<blockquote class=\"wp-embedded-content\" data-secret=\"6S6UZ0gLYj\"><a href=\"https:\/\/noticiasbancarias.com\/economia-y-finanzas\/10\/01\/2023\/aeb-y-madrid-formaran-a-los-consumidores-en-ciberseguridad\/266244.html\">AEB y Madrid formar\u00e1n a los consumidores en ciberseguridad<\/a><\/blockquote><iframe loading=\"lazy\" class=\"wp-embedded-content\" sandbox=\"allow-scripts\" security=\"restricted\" style=\"position: absolute; clip: rect(1px, 1px, 1px, 1px);\" title=\"\u00abAEB y Madrid formar\u00e1n a los consumidores en ciberseguridad\u00bb \u2014 Noticias Bancarias\" src=\"https:\/\/noticiasbancarias.com\/economia-y-finanzas\/10\/01\/2023\/aeb-y-madrid-formaran-a-los-consumidores-en-ciberseguridad\/266244.html\/embed#?secret=6S6UZ0gLYj\" data-secret=\"6S6UZ0gLYj\" width=\"600\" height=\"338\" frameborder=\"0\" marginwidth=\"0\" marginheight=\"0\" scrolling=\"no\"><\/iframe>\n<\/div><\/figure>\n\n\n\n<p><strong>La plaga de suplantaciones de instituciones y empresas para sacarte el dinero con llamadas llega a Google&nbsp;<\/strong><\/p>\n\n\n\n<p><a href=\"https:\/\/www.eldiario.es\/tecnologia\/plaga-suplantaciones-instituciones-empresas-sacarte-dinero-llamadas-llega-google_1_9840751.html\">https:\/\/www.eldiario.es\/tecnologia\/plaga-suplantaciones-instituciones-empresas-sacarte-dinero-llamadas-llega-google_1_9840751.html<\/a><\/p>\n\n\n\n<p><strong>Espa\u00f1a remite a la Comisi\u00f3n Europea su propuesta para reformar el mercado el\u00e9ctrico europeo&nbsp;<\/strong><\/p>\n\n\n\n<p><a href=\"https:\/\/www.miteco.gob.es\/en\/prensa\/ultimas-noticias\/espa%C3%B1a-remite-a-la-comisi%C3%B3n-europea-su-propuesta-para-reformar-el-mercado-el%C3%A9ctrico-europeo\/tcm:38-550165\">https:\/\/www.miteco.gob.es\/en\/prensa\/ultimas-noticias\/espa%C3%B1a-remite-a-la-comisi%C3%B3n-europea-su-propuesta-para-reformar-el-mercado-el%C3%A9ctrico-europeo\/tcm:38-550165<\/a><\/p>\n\n\n\n<p><strong>Consumo detalla qui\u00e9n puede beneficiarse de descuentos en la factura de la luz a trav\u00e9s del bono social el\u00e9ctrico&nbsp;<\/strong><\/p>\n\n\n\n<p><a href=\"https:\/\/www.consumoresponde.es\/actualidad\/noticias\/consumo-detalla-quien-puede-beneficiarse-descuentos-factura-luz-bono-social-electricidad\">https:\/\/www.consumoresponde.es\/actualidad\/noticias\/consumo-detalla-quien-puede-beneficiarse-descuentos-factura-luz-bono-social-electricidad<\/a><\/p>\n\n\n\n<p><strong>\u00bfQu\u00e9 indican los s\u00edmbolos de los frigor\u00edficos?&nbsp;<\/strong><\/p>\n\n\n\n<p><a href=\"https:\/\/www.consumer.es\/economia-domestica\/servicios-y-hogar\/que-indican-los-simbolos-de-los-frigorificos.html\">https:\/\/www.consumer.es\/economia-domestica\/servicios-y-hogar\/que-indican-los-simbolos-de-los-frigorificos.html<\/a><\/p>\n\n\n\n<p><strong>El precio de la luz cae este mi\u00e9rcoles un 23%, hasta los 85,7 euros por megavatio y hora&nbsp;<\/strong><\/p>\n\n\n\n<p><a href=\"https:\/\/www.rtve.es\/noticias\/20230110\/precio-luz-cae-este-miercoles-23-hasta-857-euros-megavatio-hora\/2415077.shtml\">https:\/\/www.rtve.es\/noticias\/20230110\/precio-luz-cae-este-miercoles-23-hasta-857-euros-megavatio-hora\/2415077.shtml<\/a><\/p>\n","protected":false},"excerpt":{"rendered":"<p>Falsas ofertas, problemas con devoluciones y descuentos escasos: la percepci\u00f3n que tienen los consumidores sobre las rebajas de enero&nbsp; https:\/\/www.20minutos.es\/noticia\/5090699\/0\/falsas-ofertas-problemas-con-devoluciones-y-descuentos-escasos-la-percepcion-que-tienen-los-consumidores-sobre-las-rebajas-de-enero\/ La extinci\u00f3n de las libretas bancarias amenaza el acceso de los m\u00e1s mayores&nbsp; https:\/\/www.lainformacion.com\/economia-negocios-y-finanzas\/extincion-libretas-bancarias-amenaza-acceso-mayores\/2879524\/ Una empresa cambia la etiqueta de las prendas de Zara y las revende seis veces m\u00e1s cara&nbsp; https:\/\/www.elperiodico.com\/es\/vida-y-estilo\/20230110\/zara-cambio-etiqueta-thiliko-revende-mas-cara-dv-80990445 Los consumidores demandan [&hellip;]<\/p>\n","protected":false},"author":23,"featured_media":12340,"comment_status":"open","ping_status":"open","sticky":false,"template":"","format":"standard","meta":{"footnotes":""},"categories":[27,255,24],"tags":[],"class_list":{"0":"post-12339","1":"post","2":"type-post","3":"status-publish","4":"format-standard","5":"has-post-thumbnail","7":"category-actualidad","8":"category-consumo","9":"category-tablon-de-anuncios"},"_links":{"self":[{"href":"https:\/\/www.mancomunidaddetentudia.com\/portal\/wp-json\/wp\/v2\/posts\/12339","targetHints":{"allow":["GET"]}}],"collection":[{"href":"https:\/\/www.mancomunidaddetentudia.com\/portal\/wp-json\/wp\/v2\/posts"}],"about":[{"href":"https:\/\/www.mancomunidaddetentudia.com\/portal\/wp-json\/wp\/v2\/types\/post"}],"author":[{"embeddable":true,"href":"https:\/\/www.mancomunidaddetentudia.com\/portal\/wp-json\/wp\/v2\/users\/23"}],"replies":[{"embeddable":true,"href":"https:\/\/www.mancomunidaddetentudia.com\/portal\/wp-json\/wp\/v2\/comments?post=12339"}],"version-history":[{"count":1,"href":"https:\/\/www.mancomunidaddetentudia.com\/portal\/wp-json\/wp\/v2\/posts\/12339\/revisions"}],"predecessor-version":[{"id":12341,"href":"https:\/\/www.mancomunidaddetentudia.com\/portal\/wp-json\/wp\/v2\/posts\/12339\/revisions\/12341"}],"wp:featuredmedia":[{"embeddable":true,"href":"https:\/\/www.mancomunidaddetentudia.com\/portal\/wp-json\/wp\/v2\/media\/12340"}],"wp:attachment":[{"href":"https:\/\/www.mancomunidaddetentudia.com\/portal\/wp-json\/wp\/v2\/media?parent=12339"}],"wp:term":[{"taxonomy":"category","embeddable":true,"href":"https:\/\/www.mancomunidaddetentudia.com\/portal\/wp-json\/wp\/v2\/categories?post=12339"},{"taxonomy":"post_tag","embeddable":true,"href":"https:\/\/www.mancomunidaddetentudia.com\/portal\/wp-json\/wp\/v2\/tags?post=12339"}],"curies":[{"name":"wp","href":"https:\/\/api.w.org\/{rel}","templated":true}]}}