{"id":12351,"date":"2023-02-07T08:11:00","date_gmt":"2023-02-07T07:11:00","guid":{"rendered":"http:\/\/www.mancomunidaddetentudia.com\/portal\/?p=12351"},"modified":"2023-02-07T08:11:02","modified_gmt":"2023-02-07T07:11:02","slug":"la-empresa-contarte-proyectos-de-segura-de-leon-se-alza-con-el-primer-premio-de-la-iii-convocatoria-de-los-premios-feag-convocados-por-la-federacion-estatal-de-asociaciones-de-gestores-culturales-y","status":"publish","type":"post","link":"https:\/\/www.mancomunidaddetentudia.com\/portal\/la-empresa-contarte-proyectos-de-segura-de-leon-se-alza-con-el-primer-premio-de-la-iii-convocatoria-de-los-premios-feag-convocados-por-la-federacion-estatal-de-asociaciones-de-gestores-culturales-y\/","title":{"rendered":"LA EMPRESA CONTARTE PROYECTOS DE SEGURA DE LE\u00d3N, SE ALZA CON EL PRIMER PREMIO DE LA III CONVOCATORIA DE LOS PREMIOS FEAG, CONVOCADOS POR LA FEDERACI\u00d3N ESTATAL DE ASOCIACIONES DE GESTORES CULTURALES Y EL MINISTERIO DE CULTURA"},"content":{"rendered":"\n<p>La empresa fue seleccionada entre m\u00e1s de una treintena de proyectos de toda Espa\u00f1a, de los cuales se hizo una preselecci\u00f3n de diez. Los finalistas concurrieron en una presentaci\u00f3n de sus proyectos en la ciudad de Valencia el pasado jueves 2 de febrero, donde la propuesta extreme\u00f1a&nbsp; obtuvo&nbsp; el primer premio.<\/p>\n\n\n\n<p>La convocatoria del concurso se encuadra dentro del desarrollo de la VI Conferencia Estatal de la Cultura, organizada por la Federaci\u00f3n Estatal de Asociaciones de Gestores Culturales&nbsp; y el Ministerio de Cultura. Este foro tuvo lugar en la ciudad de Valencia del 1 al 3 de febrero, en el que m\u00e1s de 300 profesionales de la gesti\u00f3n cultural se dieron cita para hablar y debatir sobre innovaci\u00f3n, accesibilidad y sostenibilidad en el sector de la cultura.<\/p>\n\n\n\n<p>Seg\u00fan declara Alejandro Aparicio, director de Contarte Proyectos, \u201ceste premio es un chute de energ\u00eda, un empuj\u00f3n para seguir hacia adelante. Este premio supone un reconocimiento del trabajo desarrollado por esta empresa.\u201d Contarte Proyectos es una propuesta de acci\u00f3n en el territorio a trav\u00e9s de proyectos culturales que den valor a los contextos geogr\u00e1ficos en los que se desarrollen. La entidad trabaja&nbsp; la profesionalizaci\u00f3n del sector cultural en el h\u00e1bito rural creando puentes entre los epicentros culturales localizados en las grandes ciudades y los espacios rurales, poniendo en el centro a los vecinos y colectivos locales y potenciando los escenarios patrimoniales y naturales que cada localidad ofrece. Contarte Proyectos impulsa iniciativas como el Festival de artes vivas Leones en Escena, la Noche en Blanco de Segura de Le\u00f3n o Zalona, residencia art\u00edstica en la Espa\u00f1a Vaciada.<\/p>\n","protected":false},"excerpt":{"rendered":"<p>La empresa fue seleccionada entre m\u00e1s de una treintena de proyectos de toda Espa\u00f1a, de los cuales se hizo una preselecci\u00f3n de diez. Los finalistas concurrieron en una presentaci\u00f3n de sus proyectos en la ciudad de Valencia el pasado jueves 2 de febrero, donde la propuesta extreme\u00f1a&nbsp; obtuvo&nbsp; el primer premio. La convocatoria del concurso [&hellip;]<\/p>\n","protected":false},"author":23,"featured_media":12352,"comment_status":"open","ping_status":"open","sticky":false,"template":"","format":"standard","meta":{"footnotes":""},"categories":[27,53,23,24],"tags":[],"class_list":{"0":"post-12351","1":"post","2":"type-post","3":"status-publish","4":"format-standard","5":"has-post-thumbnail","7":"category-actualidad","8":"category-citas-y-eventos","9":"category-notas-de-prensa","10":"category-tablon-de-anuncios"},"_links":{"self":[{"href":"https:\/\/www.mancomunidaddetentudia.com\/portal\/wp-json\/wp\/v2\/posts\/12351","targetHints":{"allow":["GET"]}}],"collection":[{"href":"https:\/\/www.mancomunidaddetentudia.com\/portal\/wp-json\/wp\/v2\/posts"}],"about":[{"href":"https:\/\/www.mancomunidaddetentudia.com\/portal\/wp-json\/wp\/v2\/types\/post"}],"author":[{"embeddable":true,"href":"https:\/\/www.mancomunidaddetentudia.com\/portal\/wp-json\/wp\/v2\/users\/23"}],"replies":[{"embeddable":true,"href":"https:\/\/www.mancomunidaddetentudia.com\/portal\/wp-json\/wp\/v2\/comments?post=12351"}],"version-history":[{"count":1,"href":"https:\/\/www.mancomunidaddetentudia.com\/portal\/wp-json\/wp\/v2\/posts\/12351\/revisions"}],"predecessor-version":[{"id":12353,"href":"https:\/\/www.mancomunidaddetentudia.com\/portal\/wp-json\/wp\/v2\/posts\/12351\/revisions\/12353"}],"wp:featuredmedia":[{"embeddable":true,"href":"https:\/\/www.mancomunidaddetentudia.com\/portal\/wp-json\/wp\/v2\/media\/12352"}],"wp:attachment":[{"href":"https:\/\/www.mancomunidaddetentudia.com\/portal\/wp-json\/wp\/v2\/media?parent=12351"}],"wp:term":[{"taxonomy":"category","embeddable":true,"href":"https:\/\/www.mancomunidaddetentudia.com\/portal\/wp-json\/wp\/v2\/categories?post=12351"},{"taxonomy":"post_tag","embeddable":true,"href":"https:\/\/www.mancomunidaddetentudia.com\/portal\/wp-json\/wp\/v2\/tags?post=12351"}],"curies":[{"name":"wp","href":"https:\/\/api.w.org\/{rel}","templated":true}]}}