{"id":12358,"date":"2023-02-16T08:40:06","date_gmt":"2023-02-16T07:40:06","guid":{"rendered":"http:\/\/www.mancomunidaddetentudia.com\/portal\/?p=12358"},"modified":"2023-02-16T08:40:07","modified_gmt":"2023-02-16T07:40:07","slug":"sepad-y-consorcio-extremeno-de-informacion-al-consumidor-crean-la-red-senior-de-consumo-en-extremadura","status":"publish","type":"post","link":"https:\/\/www.mancomunidaddetentudia.com\/portal\/sepad-y-consorcio-extremeno-de-informacion-al-consumidor-crean-la-red-senior-de-consumo-en-extremadura\/","title":{"rendered":"SEPAD Y CONSORCIO EXTREME\u00d1O DE INFORMACI\u00d3N AL CONSUMIDOR CREAN LA RED SENIOR DE CONSUMO EN EXTREMADURA"},"content":{"rendered":"\n<p>Desde la Unidad de Gesti\u00f3n de Control de la Actividad Asistencial y Sistemas de Informaci\u00f3n del SEPAD y el Consorcio Extreme\u00f1o de Informaci\u00f3n al Consumidor, dependiente del Instituto de Consumo de Extremadura, surge la iniciativa de crear una\u00a0<strong>\u00abRed Senior de Consumo\u00bb<\/strong>\u00a0entre los centros de mayores de gesti\u00f3n directa del SEPAD.<\/p>\n\n\n\n<p>El CMC Tentud\u00eda colabora impartiendo la primera sesi\u00f3n formativa en el Centro de Mayores de Granja de Torrehermosa.<\/p>\n\n\n\n<p><a rel=\"noreferrer noopener\" href=\"https:\/\/saludextremadura.ses.es\/masamano\/2023\/02\/15\/sepad-y-consorcio-extremeno-de-informacion-al-consumidor-crean-la-red-senior-de-consumo-en-extremadura\/\" target=\"_blank\">https:\/\/saludextremadura.ses.es\/masamano\/2023\/02\/15\/sepad-y-consorcio-extremeno-de-informacion-al-consumidor-crean-la-red-senior-de-consumo-en-extremadura\/<\/a><\/p>\n","protected":false},"excerpt":{"rendered":"<p>Desde la Unidad de Gesti\u00f3n de Control de la Actividad Asistencial y Sistemas de Informaci\u00f3n del SEPAD y el Consorcio Extreme\u00f1o de Informaci\u00f3n al Consumidor, dependiente del Instituto de Consumo de Extremadura, surge la iniciativa de crear una\u00a0\u00abRed Senior de Consumo\u00bb\u00a0entre los centros de mayores de gesti\u00f3n directa del SEPAD. El CMC Tentud\u00eda colabora impartiendo [&hellip;]<\/p>\n","protected":false},"author":23,"featured_media":12359,"comment_status":"open","ping_status":"open","sticky":false,"template":"","format":"standard","meta":{"footnotes":""},"categories":[27,255,24],"tags":[],"class_list":{"0":"post-12358","1":"post","2":"type-post","3":"status-publish","4":"format-standard","5":"has-post-thumbnail","7":"category-actualidad","8":"category-consumo","9":"category-tablon-de-anuncios"},"_links":{"self":[{"href":"https:\/\/www.mancomunidaddetentudia.com\/portal\/wp-json\/wp\/v2\/posts\/12358","targetHints":{"allow":["GET"]}}],"collection":[{"href":"https:\/\/www.mancomunidaddetentudia.com\/portal\/wp-json\/wp\/v2\/posts"}],"about":[{"href":"https:\/\/www.mancomunidaddetentudia.com\/portal\/wp-json\/wp\/v2\/types\/post"}],"author":[{"embeddable":true,"href":"https:\/\/www.mancomunidaddetentudia.com\/portal\/wp-json\/wp\/v2\/users\/23"}],"replies":[{"embeddable":true,"href":"https:\/\/www.mancomunidaddetentudia.com\/portal\/wp-json\/wp\/v2\/comments?post=12358"}],"version-history":[{"count":1,"href":"https:\/\/www.mancomunidaddetentudia.com\/portal\/wp-json\/wp\/v2\/posts\/12358\/revisions"}],"predecessor-version":[{"id":12360,"href":"https:\/\/www.mancomunidaddetentudia.com\/portal\/wp-json\/wp\/v2\/posts\/12358\/revisions\/12360"}],"wp:featuredmedia":[{"embeddable":true,"href":"https:\/\/www.mancomunidaddetentudia.com\/portal\/wp-json\/wp\/v2\/media\/12359"}],"wp:attachment":[{"href":"https:\/\/www.mancomunidaddetentudia.com\/portal\/wp-json\/wp\/v2\/media?parent=12358"}],"wp:term":[{"taxonomy":"category","embeddable":true,"href":"https:\/\/www.mancomunidaddetentudia.com\/portal\/wp-json\/wp\/v2\/categories?post=12358"},{"taxonomy":"post_tag","embeddable":true,"href":"https:\/\/www.mancomunidaddetentudia.com\/portal\/wp-json\/wp\/v2\/tags?post=12358"}],"curies":[{"name":"wp","href":"https:\/\/api.w.org\/{rel}","templated":true}]}}