{"id":12368,"date":"2023-02-23T13:35:31","date_gmt":"2023-02-23T12:35:31","guid":{"rendered":"http:\/\/www.mancomunidaddetentudia.com\/portal\/?p=12368"},"modified":"2023-02-23T13:35:32","modified_gmt":"2023-02-23T12:35:32","slug":"la-mancomunidad-de-tentudia-se-reune-con-plena-inclusion-para-elaborar-un-proyecto-de-accesibilidad-cognitiva-en-la-comarca","status":"publish","type":"post","link":"https:\/\/www.mancomunidaddetentudia.com\/portal\/la-mancomunidad-de-tentudia-se-reune-con-plena-inclusion-para-elaborar-un-proyecto-de-accesibilidad-cognitiva-en-la-comarca\/","title":{"rendered":"LA MANCOMUNIDAD DE TENTUD\u00cdA SE RE\u00daNE CON PLENA INCLUSI\u00d3N PARA ELABORAR UN PROYECTO DE ACCESIBILIDAD COGNITIVA EN LA COMARCA"},"content":{"rendered":"\n<p>En la ma\u00f1ana de ayer, tuvo lugar una reuni\u00f3n entre el personal t\u00e9cnico de los municipios de Tentud\u00eda y representantes de Plena Inclusi\u00f3n Jerez de los Caballeros para conocer m\u00e1s de cerca el concepto de accesibilidad cognitiva y las pautas a seguir para implantar medidas que hagan m\u00e1s accesibles nuestras instalaciones y recursos tur\u00edsticos. <\/p>\n\n\n\n<p>La reuni\u00f3n se celebr\u00f3 en Segura de Le\u00f3n, y cont\u00f3 con la participaci\u00f3n de la presidenta de la Mancomunidad, t\u00e9cnicos de turismo, gestores culturales y dinamizadores deportivos.<\/p>\n\n\n\n<p>Desde la Mancomunidad, queremos agradecerles a los representantes de Plena Inclusi\u00f3n por acudir a esta cita e introducirnos en el mundo de la accesibilidad, haciendo visible la gran importancia que tiene en todos los \u00e1mbitos de nuestro d\u00eda a d\u00eda.<\/p>\n","protected":false},"excerpt":{"rendered":"<p>En la ma\u00f1ana de ayer, tuvo lugar una reuni\u00f3n entre el personal t\u00e9cnico de los municipios de Tentud\u00eda y representantes de Plena Inclusi\u00f3n Jerez de los Caballeros para conocer m\u00e1s de cerca el concepto de accesibilidad cognitiva y las pautas a seguir para implantar medidas que hagan m\u00e1s accesibles nuestras instalaciones y recursos tur\u00edsticos. La [&hellip;]<\/p>\n","protected":false},"author":23,"featured_media":12369,"comment_status":"open","ping_status":"open","sticky":false,"template":"","format":"standard","meta":{"footnotes":""},"categories":[27,37,68,23,24],"tags":[],"class_list":{"0":"post-12368","1":"post","2":"type-post","3":"status-publish","4":"format-standard","5":"has-post-thumbnail","7":"category-actualidad","8":"category-destacados","9":"category-mancomunidad","10":"category-notas-de-prensa","11":"category-tablon-de-anuncios"},"_links":{"self":[{"href":"https:\/\/www.mancomunidaddetentudia.com\/portal\/wp-json\/wp\/v2\/posts\/12368","targetHints":{"allow":["GET"]}}],"collection":[{"href":"https:\/\/www.mancomunidaddetentudia.com\/portal\/wp-json\/wp\/v2\/posts"}],"about":[{"href":"https:\/\/www.mancomunidaddetentudia.com\/portal\/wp-json\/wp\/v2\/types\/post"}],"author":[{"embeddable":true,"href":"https:\/\/www.mancomunidaddetentudia.com\/portal\/wp-json\/wp\/v2\/users\/23"}],"replies":[{"embeddable":true,"href":"https:\/\/www.mancomunidaddetentudia.com\/portal\/wp-json\/wp\/v2\/comments?post=12368"}],"version-history":[{"count":1,"href":"https:\/\/www.mancomunidaddetentudia.com\/portal\/wp-json\/wp\/v2\/posts\/12368\/revisions"}],"predecessor-version":[{"id":12370,"href":"https:\/\/www.mancomunidaddetentudia.com\/portal\/wp-json\/wp\/v2\/posts\/12368\/revisions\/12370"}],"wp:featuredmedia":[{"embeddable":true,"href":"https:\/\/www.mancomunidaddetentudia.com\/portal\/wp-json\/wp\/v2\/media\/12369"}],"wp:attachment":[{"href":"https:\/\/www.mancomunidaddetentudia.com\/portal\/wp-json\/wp\/v2\/media?parent=12368"}],"wp:term":[{"taxonomy":"category","embeddable":true,"href":"https:\/\/www.mancomunidaddetentudia.com\/portal\/wp-json\/wp\/v2\/categories?post=12368"},{"taxonomy":"post_tag","embeddable":true,"href":"https:\/\/www.mancomunidaddetentudia.com\/portal\/wp-json\/wp\/v2\/tags?post=12368"}],"curies":[{"name":"wp","href":"https:\/\/api.w.org\/{rel}","templated":true}]}}