{"id":12372,"date":"2023-03-03T10:26:18","date_gmt":"2023-03-03T09:26:18","guid":{"rendered":"http:\/\/www.mancomunidaddetentudia.com\/portal\/?p=12372"},"modified":"2023-03-03T10:26:19","modified_gmt":"2023-03-03T09:26:19","slug":"presentacion-de-la-comarca-de-tentudia-y-su-evento-estelar-muestra-gastrostar-ante-el-publico-luso-en-la-feria-de-turismo-de-lisboa","status":"publish","type":"post","link":"https:\/\/www.mancomunidaddetentudia.com\/portal\/presentacion-de-la-comarca-de-tentudia-y-su-evento-estelar-muestra-gastrostar-ante-el-publico-luso-en-la-feria-de-turismo-de-lisboa\/","title":{"rendered":"PRESENTACI\u00d3N DE LA COMARCA DE TENTUD\u00cdA Y SU EVENTO ESTELAR \u00abMUESTRA GASTROSTAR\u00bb ANTE EL P\u00daBLICO LUSO EN LA FERIA DE TURISMO DE LISBOA"},"content":{"rendered":"\n<p>La Mancomunidad de Tentud\u00eda se ha desplazado hasta la capital lusa para promocionar la \u00abMuestra Gastrostar\u00bb entre los habitantes del pa\u00eds vecino. <\/p>\n\n\n\n<p>El pasado mi\u00e9rcoles, llevaba a cabo una presentaci\u00f3n del evento en el stand de Extremadura, junto al Director General de Turismo, Francisco Mart\u00edn. <\/p>\n\n\n\n<p>Al acto, en el que intervinieron tanto la presidenta de la Mancomunidad, Mercedes D\u00edaz, como el director general, acudieron varios alcaldes, alcaldesas y concejales de los municipios de nuestra Comarca. Asimismo, estaban presentes representantes de empresas tur\u00edsticas de Portugal y otras regiones de nuestro pa\u00eds, as\u00ed como una representante del portal tur\u00edstico Booking.  <\/p>\n\n\n\n<p>El presidente de la Rep\u00fablica de Portugal, Marcelo Rebelo de Sousa, visitaba tambi\u00e9n el stand de Extremadura y ha conversado con Francisco Mart\u00edn y varios alcaldes y empresarios de la comarca.<\/p>\n\n\n\n<p>Finalizada la intervenci\u00f3n, se proyect\u00f3 el nuevo video de la <strong>Muestra Gastrostar<\/strong> y se convid\u00f3 a los asistentes a una peque\u00f1a degustaci\u00f3n de productos de la dehesa.<\/p>\n\n\n\n<figure class=\"wp-block-image size-large\"><img loading=\"lazy\" decoding=\"async\" width=\"1024\" height=\"768\" src=\"https:\/\/www.mancomunidaddetentudia.com\/portal\/wp-content\/uploads\/2023\/03\/334698608_500146112130904_5022125665695164845_n-1024x768.jpg\" alt=\"\" class=\"wp-image-12373\" srcset=\"https:\/\/www.mancomunidaddetentudia.com\/portal\/wp-content\/uploads\/2023\/03\/334698608_500146112130904_5022125665695164845_n-1024x768.jpg 1024w, https:\/\/www.mancomunidaddetentudia.com\/portal\/wp-content\/uploads\/2023\/03\/334698608_500146112130904_5022125665695164845_n-300x225.jpg 300w, https:\/\/www.mancomunidaddetentudia.com\/portal\/wp-content\/uploads\/2023\/03\/334698608_500146112130904_5022125665695164845_n-768x576.jpg 768w, https:\/\/www.mancomunidaddetentudia.com\/portal\/wp-content\/uploads\/2023\/03\/334698608_500146112130904_5022125665695164845_n-1536x1152.jpg 1536w, https:\/\/www.mancomunidaddetentudia.com\/portal\/wp-content\/uploads\/2023\/03\/334698608_500146112130904_5022125665695164845_n-80x60.jpg 80w, https:\/\/www.mancomunidaddetentudia.com\/portal\/wp-content\/uploads\/2023\/03\/334698608_500146112130904_5022125665695164845_n-265x198.jpg 265w, https:\/\/www.mancomunidaddetentudia.com\/portal\/wp-content\/uploads\/2023\/03\/334698608_500146112130904_5022125665695164845_n-696x522.jpg 696w, https:\/\/www.mancomunidaddetentudia.com\/portal\/wp-content\/uploads\/2023\/03\/334698608_500146112130904_5022125665695164845_n-1068x801.jpg 1068w, https:\/\/www.mancomunidaddetentudia.com\/portal\/wp-content\/uploads\/2023\/03\/334698608_500146112130904_5022125665695164845_n-560x420.jpg 560w, https:\/\/www.mancomunidaddetentudia.com\/portal\/wp-content\/uploads\/2023\/03\/334698608_500146112130904_5022125665695164845_n.jpg 1600w\" sizes=\"auto, (max-width: 1024px) 100vw, 1024px\" \/><\/figure>\n\n\n\n<figure class=\"wp-block-image size-large\"><img loading=\"lazy\" decoding=\"async\" width=\"1024\" height=\"768\" src=\"https:\/\/www.mancomunidaddetentudia.com\/portal\/wp-content\/uploads\/2023\/03\/334241001_2548945181910297_532082619386190277_n-1024x768.jpg\" alt=\"\" class=\"wp-image-12374\" srcset=\"https:\/\/www.mancomunidaddetentudia.com\/portal\/wp-content\/uploads\/2023\/03\/334241001_2548945181910297_532082619386190277_n-1024x768.jpg 1024w, https:\/\/www.mancomunidaddetentudia.com\/portal\/wp-content\/uploads\/2023\/03\/334241001_2548945181910297_532082619386190277_n-300x225.jpg 300w, https:\/\/www.mancomunidaddetentudia.com\/portal\/wp-content\/uploads\/2023\/03\/334241001_2548945181910297_532082619386190277_n-768x576.jpg 768w, https:\/\/www.mancomunidaddetentudia.com\/portal\/wp-content\/uploads\/2023\/03\/334241001_2548945181910297_532082619386190277_n-1536x1152.jpg 1536w, https:\/\/www.mancomunidaddetentudia.com\/portal\/wp-content\/uploads\/2023\/03\/334241001_2548945181910297_532082619386190277_n-80x60.jpg 80w, https:\/\/www.mancomunidaddetentudia.com\/portal\/wp-content\/uploads\/2023\/03\/334241001_2548945181910297_532082619386190277_n-265x198.jpg 265w, https:\/\/www.mancomunidaddetentudia.com\/portal\/wp-content\/uploads\/2023\/03\/334241001_2548945181910297_532082619386190277_n-696x522.jpg 696w, https:\/\/www.mancomunidaddetentudia.com\/portal\/wp-content\/uploads\/2023\/03\/334241001_2548945181910297_532082619386190277_n-1068x801.jpg 1068w, https:\/\/www.mancomunidaddetentudia.com\/portal\/wp-content\/uploads\/2023\/03\/334241001_2548945181910297_532082619386190277_n-560x420.jpg 560w, https:\/\/www.mancomunidaddetentudia.com\/portal\/wp-content\/uploads\/2023\/03\/334241001_2548945181910297_532082619386190277_n.jpg 1600w\" sizes=\"auto, (max-width: 1024px) 100vw, 1024px\" \/><\/figure>\n","protected":false},"excerpt":{"rendered":"<p>La Mancomunidad de Tentud\u00eda se ha desplazado hasta la capital lusa para promocionar la \u00abMuestra Gastrostar\u00bb entre los habitantes del pa\u00eds vecino. El pasado mi\u00e9rcoles, llevaba a cabo una presentaci\u00f3n del evento en el stand de Extremadura, junto al Director General de Turismo, Francisco Mart\u00edn. Al acto, en el que intervinieron tanto la presidenta de [&hellip;]<\/p>\n","protected":false},"author":23,"featured_media":12375,"comment_status":"open","ping_status":"open","sticky":false,"template":"","format":"standard","meta":{"footnotes":""},"categories":[27,53,37,68,23,24],"tags":[],"class_list":{"0":"post-12372","1":"post","2":"type-post","3":"status-publish","4":"format-standard","5":"has-post-thumbnail","7":"category-actualidad","8":"category-citas-y-eventos","9":"category-destacados","10":"category-mancomunidad","11":"category-notas-de-prensa","12":"category-tablon-de-anuncios"},"_links":{"self":[{"href":"https:\/\/www.mancomunidaddetentudia.com\/portal\/wp-json\/wp\/v2\/posts\/12372","targetHints":{"allow":["GET"]}}],"collection":[{"href":"https:\/\/www.mancomunidaddetentudia.com\/portal\/wp-json\/wp\/v2\/posts"}],"about":[{"href":"https:\/\/www.mancomunidaddetentudia.com\/portal\/wp-json\/wp\/v2\/types\/post"}],"author":[{"embeddable":true,"href":"https:\/\/www.mancomunidaddetentudia.com\/portal\/wp-json\/wp\/v2\/users\/23"}],"replies":[{"embeddable":true,"href":"https:\/\/www.mancomunidaddetentudia.com\/portal\/wp-json\/wp\/v2\/comments?post=12372"}],"version-history":[{"count":1,"href":"https:\/\/www.mancomunidaddetentudia.com\/portal\/wp-json\/wp\/v2\/posts\/12372\/revisions"}],"predecessor-version":[{"id":12376,"href":"https:\/\/www.mancomunidaddetentudia.com\/portal\/wp-json\/wp\/v2\/posts\/12372\/revisions\/12376"}],"wp:featuredmedia":[{"embeddable":true,"href":"https:\/\/www.mancomunidaddetentudia.com\/portal\/wp-json\/wp\/v2\/media\/12375"}],"wp:attachment":[{"href":"https:\/\/www.mancomunidaddetentudia.com\/portal\/wp-json\/wp\/v2\/media?parent=12372"}],"wp:term":[{"taxonomy":"category","embeddable":true,"href":"https:\/\/www.mancomunidaddetentudia.com\/portal\/wp-json\/wp\/v2\/categories?post=12372"},{"taxonomy":"post_tag","embeddable":true,"href":"https:\/\/www.mancomunidaddetentudia.com\/portal\/wp-json\/wp\/v2\/tags?post=12372"}],"curies":[{"name":"wp","href":"https:\/\/api.w.org\/{rel}","templated":true}]}}