{"id":12377,"date":"2023-03-06T09:39:30","date_gmt":"2023-03-06T08:39:30","guid":{"rendered":"http:\/\/www.mancomunidaddetentudia.com\/portal\/?p=12377"},"modified":"2023-03-06T09:39:40","modified_gmt":"2023-03-06T08:39:40","slug":"noticiario-de-consumo-66","status":"publish","type":"post","link":"https:\/\/www.mancomunidaddetentudia.com\/portal\/noticiario-de-consumo-66\/","title":{"rendered":"NOTICIARIO DE CONSUMO"},"content":{"rendered":"\n<p><strong>Consumo se\u00f1ala acciones para ser m\u00e1s eficientes desde el hogar en el marco del D\u00eda Mundial de la Eficiencia Energ\u00e9tica<\/strong><\/p>\n\n\n\n<p><a href=\"https:\/\/www.lavanguardia.com\/local\/sevilla\/20230305\/8801958\/consumo-senala-acciones-mas-eficientes-hogar-marco-dia-mundial-eficiencia-energetica.html\">https:\/\/www.lavanguardia.com\/local\/sevilla\/20230305\/8801958\/consumo-senala-acciones-mas-eficientes-hogar-marco-dia-mundial-eficiencia-energetica.html<\/a><\/p>\n\n\n\n<p><strong>La treta de eDreams para colar una suscripci\u00f3n anual de 55\u20ac: \u201cNo vuelvo a coger un vuelo con ellos\u201d<\/strong><\/p>\n\n\n\n<p><a href=\"https:\/\/www.consumidorglobal.com\/noticias\/noticias-servicios\/treta-edreams-colar-suscripcion-anual-55-no-vuelvo-coger-vuelo-con-ellos_5075_102.html\">https:\/\/www.consumidorglobal.com\/noticias\/noticias-servicios\/treta-edreams-colar-suscripcion-anual-55-no-vuelvo-coger-vuelo-con-ellos_5075_102.html<\/a><\/p>\n\n\n\n<p><strong>Vecinos, pensionistas y usuarios se rebelan contra la cita previa en la Administraci\u00f3n<\/strong><\/p>\n\n\n\n<p><a href=\"https:\/\/www.elcorreo.com\/bizkaia\/vecinos-pensionistas-usuarios-rebelan-cita-previa-administracion-20230304180622-nt.html\">https:\/\/www.elcorreo.com\/bizkaia\/vecinos-pensionistas-usuarios-rebelan-cita-previa-administracion-20230304180622-nt.html<\/a><\/p>\n\n\n\n<p><strong>Derechos digitales aplicados a familias: testamento digital, derecho al olvido y protecci\u00f3n de menores en Internet<\/strong><\/p>\n\n\n\n<figure class=\"wp-block-embed-wordpress wp-block-embed is-type-wp-embed is-provider-economist-amp-jurist\"><div class=\"wp-block-embed__wrapper\">\n<blockquote class=\"wp-embedded-content\" data-secret=\"nFyJgLAe4X\"><a href=\"https:\/\/www.economistjurist.es\/articulos-juridicos-destacados\/derechos-digitales-aplicados-al-derecho-de-familia-y-sucesiones-el-testamento-digital-el-derecho-al-olvido-y-la-proteccion-de-menores-en-internet\/\">Derechos digitales aplicados a familias: testamento digital, derecho al olvido y protecci\u00f3n de menores en Internet<\/a><\/blockquote><iframe loading=\"lazy\" class=\"wp-embedded-content\" sandbox=\"allow-scripts\" security=\"restricted\" style=\"position: absolute; clip: rect(1px, 1px, 1px, 1px);\" title=\"\u00abDerechos digitales aplicados a familias: testamento digital, derecho al olvido y protecci\u00f3n de menores en Internet\u00bb \u2014 Economist &amp; Jurist\" src=\"https:\/\/www.economistjurist.es\/articulos-juridicos-destacados\/derechos-digitales-aplicados-al-derecho-de-familia-y-sucesiones-el-testamento-digital-el-derecho-al-olvido-y-la-proteccion-de-menores-en-internet\/embed\/#?secret=IGAiLFFycY#?secret=nFyJgLAe4X\" data-secret=\"nFyJgLAe4X\" width=\"600\" height=\"338\" frameborder=\"0\" marginwidth=\"0\" marginheight=\"0\" scrolling=\"no\"><\/iframe>\n<\/div><\/figure>\n\n\n\n<p><strong>Contin\u00faa el auge de las compras online a trav\u00e9s del tel\u00e9fono m\u00f3vil y las Apps<\/strong><\/p>\n\n\n\n<figure class=\"wp-block-embed-wordpress wp-block-embed is-type-wp-embed is-provider-ecommerce-news\"><div class=\"wp-block-embed__wrapper\">\n<blockquote class=\"wp-embedded-content\" data-secret=\"oWs7doaywI\"><a href=\"https:\/\/ecommerce-news.es\/continua-el-auge-de-las-compras-online-a-traves-del-telefono-movil-y-las-apps\/\">Contin\u00faa el auge de las compras online a trav\u00e9s del tel\u00e9fono m\u00f3vil y las Apps<\/a><\/blockquote><iframe loading=\"lazy\" class=\"wp-embedded-content\" sandbox=\"allow-scripts\" security=\"restricted\" style=\"position: absolute; clip: rect(1px, 1px, 1px, 1px);\" title=\"\u00abContin\u00faa el auge de las compras online a trav\u00e9s del tel\u00e9fono m\u00f3vil y las Apps\u00bb \u2014 Ecommerce News\" src=\"https:\/\/ecommerce-news.es\/continua-el-auge-de-las-compras-online-a-traves-del-telefono-movil-y-las-apps\/embed\/#?secret=tHaqbjz8hX#?secret=oWs7doaywI\" data-secret=\"oWs7doaywI\" width=\"600\" height=\"338\" frameborder=\"0\" marginwidth=\"0\" marginheight=\"0\" scrolling=\"no\"><\/iframe>\n<\/div><\/figure>\n\n\n\n<p>\u201c<strong>Nadie que conociera los riesgos y la carga econ\u00f3mica de las tarjetas revolving las contratar\u00eda\u201d<\/strong><\/p>\n\n\n\n<p><a href=\"https:\/\/www.larazon.es\/lr-content\/nadie-que-conociera-riesgos-carga-economica-tarjetas-revolving-contrataria_202303056401d07f0308f800016547be.html\">https:\/\/www.larazon.es\/lr-content\/nadie-que-conociera-riesgos-carga-economica-tarjetas-revolving-contrataria_202303056401d07f0308f800016547be.html<\/a><\/p>\n","protected":false},"excerpt":{"rendered":"<p>Consumo se\u00f1ala acciones para ser m\u00e1s eficientes desde el hogar en el marco del D\u00eda Mundial de la Eficiencia Energ\u00e9tica https:\/\/www.lavanguardia.com\/local\/sevilla\/20230305\/8801958\/consumo-senala-acciones-mas-eficientes-hogar-marco-dia-mundial-eficiencia-energetica.html La treta de eDreams para colar una suscripci\u00f3n anual de 55\u20ac: \u201cNo vuelvo a coger un vuelo con ellos\u201d https:\/\/www.consumidorglobal.com\/noticias\/noticias-servicios\/treta-edreams-colar-suscripcion-anual-55-no-vuelvo-coger-vuelo-con-ellos_5075_102.html Vecinos, pensionistas y usuarios se rebelan contra la cita previa en la Administraci\u00f3n https:\/\/www.elcorreo.com\/bizkaia\/vecinos-pensionistas-usuarios-rebelan-cita-previa-administracion-20230304180622-nt.html [&hellip;]<\/p>\n","protected":false},"author":23,"featured_media":12378,"comment_status":"open","ping_status":"open","sticky":false,"template":"","format":"standard","meta":{"footnotes":""},"categories":[27,255,24],"tags":[],"class_list":{"0":"post-12377","1":"post","2":"type-post","3":"status-publish","4":"format-standard","5":"has-post-thumbnail","7":"category-actualidad","8":"category-consumo","9":"category-tablon-de-anuncios"},"_links":{"self":[{"href":"https:\/\/www.mancomunidaddetentudia.com\/portal\/wp-json\/wp\/v2\/posts\/12377","targetHints":{"allow":["GET"]}}],"collection":[{"href":"https:\/\/www.mancomunidaddetentudia.com\/portal\/wp-json\/wp\/v2\/posts"}],"about":[{"href":"https:\/\/www.mancomunidaddetentudia.com\/portal\/wp-json\/wp\/v2\/types\/post"}],"author":[{"embeddable":true,"href":"https:\/\/www.mancomunidaddetentudia.com\/portal\/wp-json\/wp\/v2\/users\/23"}],"replies":[{"embeddable":true,"href":"https:\/\/www.mancomunidaddetentudia.com\/portal\/wp-json\/wp\/v2\/comments?post=12377"}],"version-history":[{"count":1,"href":"https:\/\/www.mancomunidaddetentudia.com\/portal\/wp-json\/wp\/v2\/posts\/12377\/revisions"}],"predecessor-version":[{"id":12379,"href":"https:\/\/www.mancomunidaddetentudia.com\/portal\/wp-json\/wp\/v2\/posts\/12377\/revisions\/12379"}],"wp:featuredmedia":[{"embeddable":true,"href":"https:\/\/www.mancomunidaddetentudia.com\/portal\/wp-json\/wp\/v2\/media\/12378"}],"wp:attachment":[{"href":"https:\/\/www.mancomunidaddetentudia.com\/portal\/wp-json\/wp\/v2\/media?parent=12377"}],"wp:term":[{"taxonomy":"category","embeddable":true,"href":"https:\/\/www.mancomunidaddetentudia.com\/portal\/wp-json\/wp\/v2\/categories?post=12377"},{"taxonomy":"post_tag","embeddable":true,"href":"https:\/\/www.mancomunidaddetentudia.com\/portal\/wp-json\/wp\/v2\/tags?post=12377"}],"curies":[{"name":"wp","href":"https:\/\/api.w.org\/{rel}","templated":true}]}}