{"id":12397,"date":"2023-04-12T07:16:27","date_gmt":"2023-04-12T06:16:27","guid":{"rendered":"http:\/\/www.mancomunidaddetentudia.com\/portal\/?p=12397"},"modified":"2023-04-12T07:16:30","modified_gmt":"2023-04-12T06:16:30","slug":"ii-ruta-las-cumbres-desde-lo-mas-alto-en-cabeza-la-vaca","status":"publish","type":"post","link":"https:\/\/www.mancomunidaddetentudia.com\/portal\/ii-ruta-las-cumbres-desde-lo-mas-alto-en-cabeza-la-vaca\/","title":{"rendered":"II RUTA LAS CUMBRES, DESDE LO M\u00c1S ALTO EN CABEZA LA VACA"},"content":{"rendered":"\n<p>Inscripciones abiertas : <a href=\"https:\/\/www.deporticket.com\/web-evento\/8156-ii-ruta-las-cumbres-desde-lo-mas-alto?fbclid=IwAR2imSavbw-77xRe6rOF132NyhMh6dA4th5HpXpdiJ8cC_EQd0whWM0Evfw\">https:\/\/www.deporticket.com\/web-evento\/8156-ii-ruta-las-cumbres-desde-lo-mas-alto?fbclid=IwAR2imSavbw-77xRe6rOF132NyhMh6dA4th5HpXpdiJ8cC_EQd0whWM0Evfw<\/a><\/p>\n\n\n\n<p>El pr\u00f3ximo domingo, 30 de abril, Cabeza la Vaca acoger\u00e1 la segunda edici\u00f3n de la Ruta Las Cumbres.<\/p>\n\n\n\n<p>Contar\u00e1 con dos modalidades: Ruta larga: 12,5 km (dificultad media-alta)  Ruta corta: 7\u20198 km (dificultad media)<\/p>\n\n\n\n<p>Salida desde Plaza de Espa\u00f1a a las 10:00h (recepci\u00f3n de senderistas desde las 9:00h)<\/p>\n\n\n\n<p>Precio inscripci\u00f3n 5\u20ac que incluye: mochila del senderista, avituallamiento en ruta y ticket para una tapa en los bares del pueblo a la llegada.<\/p>\n\n\n\n<p>A partir de las 16:00h: CONVIVENCIA EN LA PLAZA DEL PUEBLO con m\u00fasica.<\/p>\n\n\n\n<figure class=\"wp-block-image size-large\"><img loading=\"lazy\" decoding=\"async\" width=\"640\" height=\"905\" src=\"https:\/\/www.mancomunidaddetentudia.com\/portal\/wp-content\/uploads\/2023\/04\/340105380_887921945839689_1100997224434028142_n.jpg\" alt=\"\" class=\"wp-image-12398\" srcset=\"https:\/\/www.mancomunidaddetentudia.com\/portal\/wp-content\/uploads\/2023\/04\/340105380_887921945839689_1100997224434028142_n.jpg 640w, https:\/\/www.mancomunidaddetentudia.com\/portal\/wp-content\/uploads\/2023\/04\/340105380_887921945839689_1100997224434028142_n-212x300.jpg 212w, https:\/\/www.mancomunidaddetentudia.com\/portal\/wp-content\/uploads\/2023\/04\/340105380_887921945839689_1100997224434028142_n-297x420.jpg 297w\" sizes=\"auto, (max-width: 640px) 100vw, 640px\" \/><\/figure>\n","protected":false},"excerpt":{"rendered":"<p>Inscripciones abiertas : https:\/\/www.deporticket.com\/web-evento\/8156-ii-ruta-las-cumbres-desde-lo-mas-alto?fbclid=IwAR2imSavbw-77xRe6rOF132NyhMh6dA4th5HpXpdiJ8cC_EQd0whWM0Evfw El pr\u00f3ximo domingo, 30 de abril, Cabeza la Vaca acoger\u00e1 la segunda edici\u00f3n de la Ruta Las Cumbres. Contar\u00e1 con dos modalidades: Ruta larga: 12,5 km (dificultad media-alta) Ruta corta: 7\u20198 km (dificultad media) Salida desde Plaza de Espa\u00f1a a las 10:00h (recepci\u00f3n de senderistas desde las 9:00h) Precio inscripci\u00f3n 5\u20ac [&hellip;]<\/p>\n","protected":false},"author":23,"featured_media":12399,"comment_status":"open","ping_status":"open","sticky":false,"template":"","format":"standard","meta":{"footnotes":""},"categories":[27,68,24],"tags":[],"class_list":{"0":"post-12397","1":"post","2":"type-post","3":"status-publish","4":"format-standard","5":"has-post-thumbnail","7":"category-actualidad","8":"category-mancomunidad","9":"category-tablon-de-anuncios"},"_links":{"self":[{"href":"https:\/\/www.mancomunidaddetentudia.com\/portal\/wp-json\/wp\/v2\/posts\/12397","targetHints":{"allow":["GET"]}}],"collection":[{"href":"https:\/\/www.mancomunidaddetentudia.com\/portal\/wp-json\/wp\/v2\/posts"}],"about":[{"href":"https:\/\/www.mancomunidaddetentudia.com\/portal\/wp-json\/wp\/v2\/types\/post"}],"author":[{"embeddable":true,"href":"https:\/\/www.mancomunidaddetentudia.com\/portal\/wp-json\/wp\/v2\/users\/23"}],"replies":[{"embeddable":true,"href":"https:\/\/www.mancomunidaddetentudia.com\/portal\/wp-json\/wp\/v2\/comments?post=12397"}],"version-history":[{"count":1,"href":"https:\/\/www.mancomunidaddetentudia.com\/portal\/wp-json\/wp\/v2\/posts\/12397\/revisions"}],"predecessor-version":[{"id":12400,"href":"https:\/\/www.mancomunidaddetentudia.com\/portal\/wp-json\/wp\/v2\/posts\/12397\/revisions\/12400"}],"wp:featuredmedia":[{"embeddable":true,"href":"https:\/\/www.mancomunidaddetentudia.com\/portal\/wp-json\/wp\/v2\/media\/12399"}],"wp:attachment":[{"href":"https:\/\/www.mancomunidaddetentudia.com\/portal\/wp-json\/wp\/v2\/media?parent=12397"}],"wp:term":[{"taxonomy":"category","embeddable":true,"href":"https:\/\/www.mancomunidaddetentudia.com\/portal\/wp-json\/wp\/v2\/categories?post=12397"},{"taxonomy":"post_tag","embeddable":true,"href":"https:\/\/www.mancomunidaddetentudia.com\/portal\/wp-json\/wp\/v2\/tags?post=12397"}],"curies":[{"name":"wp","href":"https:\/\/api.w.org\/{rel}","templated":true}]}}